{"id":126930,"date":"2026-04-25T22:15:00","date_gmt":"2026-04-26T01:15:00","guid":{"rendered":"https:\/\/www.uai.com.br\/uainoticias\/?p=126930"},"modified":"2026-04-24T15:23:49","modified_gmt":"2026-04-24T18:23:49","slug":"isaac-newton-formulador-das-leis-do-movimento-e-da-gravitacao-universal-se-vi-mais-longe-foi-por-estar-sobre-ombros-de-gigantes","status":"publish","type":"post","link":"https:\/\/www.uai.com.br\/uainoticias\/2026\/04\/25\/isaac-newton-formulador-das-leis-do-movimento-e-da-gravitacao-universal-se-vi-mais-longe-foi-por-estar-sobre-ombros-de-gigantes\/","title":{"rendered":"Isaac Newton, formulador das leis do movimento e da gravita\u00e7\u00e3o universal: \u201cSe vi mais longe foi por estar sobre ombros de gigantes\u201d"},"content":{"rendered":"\n<link href=\"https:\/\/fonts.googleapis.com\/css2?family=Merriweather:wght@700&#038;family=Open+Sans:wght@400;600;700&#038;display=swap\" rel=\"stylesheet\">\r\n<style>\r\n.rdp-resumo-wrapper {\r\n  max-width: 620px;\r\n  margin: 28px auto;\r\n  background: #FFFFFF;\r\n  border: 1px solid #D0D0D0;\r\n  border-radius: 6px;\r\n  padding: 28px 32px;\r\n  font-family: 'Open Sans', sans-serif;\r\n  box-shadow: 0 2px 12px rgba(0,0,0,0.08);\r\n}\r\n.rdp-resumo-header {\r\n  display: flex;\r\n  align-items: center;\r\n  gap: 16px;\r\n  margin-bottom: 22px;\r\n}\r\n.rdp-resumo-line {\r\n  flex: 1;\r\n  height: 1px;\r\n  background: #D0D0D0;\r\n}\r\n.rdp-resumo-title {\r\n  font-family: 'Merriweather', serif;\r\n  font-size: 13px;\r\n  font-weight: 700;\r\n  text-transform: uppercase;\r\n  letter-spacing: 3px;\r\n  color: #1A1A1A;\r\n  white-space: nowrap;\r\n}\r\n.rdp-resumo-list {\r\n  list-style: none;\r\n  padding: 0;\r\n  margin: 0;\r\n}\r\n.rdp-resumo-item {\r\n  padding: 0 0 18px 22px;\r\n  position: relative;\r\n  line-height: 1.7;\r\n}\r\n.rdp-resumo-item:last-child {\r\n  padding-bottom: 0;\r\n}\r\n.rdp-resumo-item::before {\r\n  content: \"\";\r\n  position: absolute;\r\n  left: 0;\r\n  top: 8px;\r\n  width: 8px;\r\n  height: 8px;\r\n  background: #2B5A83;\r\n  border-radius: 50%;\r\n}\r\n.rdp-resumo-item-title {\r\n  font-size: 15px;\r\n  font-weight: 700;\r\n  color: #1A1A1A;\r\n}\r\n.rdp-resumo-item-desc {\r\n  font-size: 15px;\r\n  color: #4A4A4A;\r\n  line-height: 1.7;\r\n}\r\n@media (max-width: 768px) {\r\n  .rdp-resumo-wrapper {\r\n    max-width: 100%;\r\n    margin: 20px 12px;\r\n    padding: 22px 20px;\r\n  }\r\n}\r\n<\/style>\r\n<div class=\"rdp-resumo-wrapper\">\r\n  <div class=\"rdp-resumo-header\">\r\n    <span class=\"rdp-resumo-line\"><\/span>\r\n    <span class=\"rdp-resumo-title\">Resumo<\/span>\r\n    <span class=\"rdp-resumo-line\"><\/span>\r\n  <\/div>\r\n  <ul class=\"rdp-resumo-list\">\r\n    <li class=\"rdp-resumo-item\">\r\n      <span class=\"rdp-resumo-item-title\">Frase ic\u00f4nica da ci\u00eancia:<\/span> <span class=\"rdp-resumo-item-desc\">Isaac Newton sintetiza a constru\u00e7\u00e3o coletiva do conhecimento cient\u00edfico em uma cita\u00e7\u00e3o hist\u00f3rica.<\/span>\r\n    <\/li>\r\n    <li class=\"rdp-resumo-item\">\r\n      <span class=\"rdp-resumo-item-title\">Ideia central:<\/span> <span class=\"rdp-resumo-item-desc\">A ci\u00eancia evolui a partir das descobertas de pensadores anteriores, formando uma cadeia de avan\u00e7os intelectuais.<\/span>\r\n    <\/li>\r\n    <li class=\"rdp-resumo-item\">\r\n      <span class=\"rdp-resumo-item-title\">Contexto hist\u00f3rico:<\/span> <span class=\"rdp-resumo-item-desc\">A frase aparece em correspond\u00eancia cient\u00edfica do s\u00e9culo XVII, refletindo o ambiente acad\u00eamico da Revolu\u00e7\u00e3o Cient\u00edfica.<\/span>\r\n    <\/li>\r\n  <\/ul>\r\n<\/div>\n\n\n\n<p>Na hist\u00f3ria da ci\u00eancia, poucas frases se tornaram t\u00e3o emblem\u00e1ticas quanto a atribu\u00edda a Isaac Newton: <em>\u201cSe vi mais longe foi por estar sobre ombros de gigantes\u201d<\/em>. Mais do que uma simples met\u00e1fora, a declara\u00e7\u00e3o revela a ess\u00eancia da produ\u00e7\u00e3o cient\u00edfica, baseada em pesquisa, observa\u00e7\u00e3o, teoria e continuidade intelectual. Em um per\u00edodo marcado pela Revolu\u00e7\u00e3o Cient\u00edfica, Newton consolidou conceitos fundamentais da f\u00edsica e da matem\u00e1tica, reconhecendo que o avan\u00e7o do conhecimento depende de uma tradi\u00e7\u00e3o acumulativa.<\/p>\n\n\n\n<h2 class=\"wp-block-heading\">Quem \u00e9 Isaac Newton e por que sua voz importa<\/h2>\n\n\n\n<p>Isaac Newton foi um f\u00edsico, matem\u00e1tico e fil\u00f3sofo natural ingl\u00eas, considerado um dos pilares da ci\u00eancia moderna. Autor dos <strong>Princ\u00edpios Matem\u00e1ticos da Filosofia Natural<\/strong>, ele formulou as leis do movimento e a teoria da gravita\u00e7\u00e3o universal, que revolucionaram a compreens\u00e3o do universo.<\/p>\n\n\n\n<p>Newton tamb\u00e9m contribuiu para o desenvolvimento do c\u00e1lculo e da \u00f3ptica, estabelecendo m\u00e9todos cient\u00edficos baseados em experimenta\u00e7\u00e3o rigorosa e formula\u00e7\u00e3o te\u00f3rica. Sua influ\u00eancia atravessa s\u00e9culos, moldando disciplinas como f\u00edsica, astronomia e engenharia.<\/p>\n\n\n\n<h2 class=\"wp-block-heading\">O que Isaac Newton quis dizer com essa frase<\/h2>\n\n\n\n<p>Ao afirmar que viu mais longe por estar \u201csobre ombros de gigantes\u201d, Isaac Newton reconhece que suas descobertas n\u00e3o surgiram isoladamente. Ele se refere ao legado de cientistas anteriores, como Galileu Galilei e Johannes Kepler, cujas teorias e observa\u00e7\u00f5es pavimentaram o caminho para novos avan\u00e7os.<\/p>\n\n\n\n<p>A frase, presente em uma correspond\u00eancia cient\u00edfica do s\u00e9culo XVII, reflete o esp\u00edrito colaborativo da ci\u00eancia. Mesmo em um ambiente competitivo, Newton demonstra que o progresso cient\u00edfico depende de uma cadeia cont\u00ednua de aprendizado, revis\u00e3o e aprimoramento de ideias.<\/p>\n\n\n\n<h2 class=\"wp-block-heading\">Revolu\u00e7\u00e3o Cient\u00edfica: o contexto por tr\u00e1s das palavras<\/h2>\n\n\n\n<p>A Revolu\u00e7\u00e3o Cient\u00edfica foi um per\u00edodo de transforma\u00e7\u00e3o intelectual que redefiniu a forma como o conhecimento era produzido. Marcada pelo uso de experimenta\u00e7\u00e3o, observa\u00e7\u00e3o emp\u00edrica e formula\u00e7\u00e3o de leis naturais, essa era consolidou a ci\u00eancia como disciplina estruturada.<\/p>\n\n\n\n<p>Isaac Newton surge nesse cen\u00e1rio como um dos principais protagonistas. Ao reconhecer os \u201cgigantes\u201d que o antecederam, ele refor\u00e7a a ideia de que a ci\u00eancia \u00e9 um processo cumulativo, em que cada descoberta se apoia em fundamentos previamente estabelecidos.<\/p>\n\n\n\n<link href=\"https:\/\/fonts.googleapis.com\/css2?family=Merriweather:wght@700&#038;family=Open+Sans:wght@400;600;700&#038;display=swap\" rel=\"stylesheet\">\r\n<style>\r\n.rdp-cards-wrapper .jnews_inline_related_post_wrapper,\r\n.rdp-cards-wrapper .jnews_inline_related_post,\r\n.rdp-cards-wrapper .jeg_postblock,\r\n.rdp-cards-wrapper [class*=\"jnews_inline\"],\r\n.rdp-cards-wrapper [class*=\"jeg_postblock\"],\r\n.rdp-cards-wrapper [class*=\"jeg_block\"] {\r\n  display: none !important;\r\n  height: 0 !important;\r\n  max-height: 0 !important;\r\n  overflow: hidden !important;\r\n  visibility: hidden !important;\r\n  margin: 0 !important;\r\n  padding: 0 !important;\r\n  border: none !important;\r\n  font-size: 0 !important;\r\n  line-height: 0 !important;\r\n}\r\n.rdp-cards-wrapper {\r\n  max-width: 100%;\r\n  margin: 32px 0;\r\n  background: #F5F7FA;\r\n  border: 1px solid #E1E5EB;\r\n  border-radius: 10px;\r\n  padding: 28px 28px 20px;\r\n  font-family: 'Open Sans', sans-serif;\r\n  overflow: hidden;\r\n  contain: layout style;\r\n  isolation: isolate;\r\n  position: relative;\r\n  z-index: 1;\r\n}\r\n.rdp-cards-wrapper > *:not(.rdp-cards-title):not(.rdp-cards-grid) {\r\n  display: none !important;\r\n  height: 0 !important;\r\n  overflow: hidden !important;\r\n  margin: 0 !important;\r\n  padding: 0 !important;\r\n  border: none !important;\r\n}\r\n.rdp-cards-title {\r\n  font-family: 'Merriweather', serif;\r\n  font-size: 20px;\r\n  font-weight: 700;\r\n  color: #1A1A1A;\r\n  margin: 0 0 20px 0;\r\n  line-height: 1.3;\r\n  text-align: center;\r\n}\r\n.rdp-cards-grid {\r\n  display: grid;\r\n  grid-template-columns: repeat(3, 1fr);\r\n  gap: 18px;\r\n}\r\n.rdp-cards-item {\r\n  background: #FFFFFF;\r\n  border: 1px solid #E1E5EB;\r\n  border-top: 3px solid #2B5A83;\r\n  border-radius: 10px;\r\n  padding: 22px 20px;\r\n  box-shadow: 0 2px 8px rgba(0,0,0,0.04);\r\n}\r\n.rdp-cards-emoji {\r\n  font-size: 32px;\r\n  margin-bottom: 12px;\r\n  display: block;\r\n}\r\n.rdp-cards-item-title {\r\n  font-size: 15px;\r\n  font-weight: 700;\r\n  color: #1A1A1A;\r\n  margin-bottom: 8px;\r\n}\r\n.rdp-cards-item-desc {\r\n  font-size: 14px;\r\n  color: #4A4A4A;\r\n  line-height: 1.6;\r\n}\r\n@media (max-width: 768px) {\r\n  .rdp-cards-grid {\r\n    grid-template-columns: 1fr;\r\n  }\r\n}\r\n<\/style>\r\n<div class=\"rdp-cards-wrapper\">\r\n  <div class=\"rdp-cards-title\">Saiba mais sobre o tema<\/div>\r\n  <div class=\"rdp-cards-grid\">\r\n    <div class=\"rdp-cards-item\">\r\n      <span class=\"rdp-cards-emoji\">\ud83d\udcdc<\/span>\r\n      <div class=\"rdp-cards-item-title\">Carta hist\u00f3rica<\/div>\r\n      <p class=\"rdp-cards-item-desc\">A frase foi registrada em uma carta de Newton a Robert Hooke, evidenciando debates cient\u00edficos intensos no s\u00e9culo XVII.<\/p>\r\n    <\/div>\r\n    <div class=\"rdp-cards-item\">\r\n      <span class=\"rdp-cards-emoji\">\ud83d\udd2d<\/span>\r\n      <div class=\"rdp-cards-item-title\">Influ\u00eancia de Galileu<\/div>\r\n      <p class=\"rdp-cards-item-desc\">Galileu Galilei foi um dos \u201cgigantes\u201d que influenciaram Newton com suas observa\u00e7\u00f5es astron\u00f4micas e m\u00e9todos experimentais.<\/p>\r\n    <\/div>\r\n    <div class=\"rdp-cards-item\">\r\n      <span class=\"rdp-cards-emoji\">\ud83d\udcd0<\/span>\r\n      <div class=\"rdp-cards-item-title\">Nascimento do m\u00e9todo cient\u00edfico<\/div>\r\n      <p class=\"rdp-cards-item-desc\">A Revolu\u00e7\u00e3o Cient\u00edfica consolidou pr\u00e1ticas como experimenta\u00e7\u00e3o e formula\u00e7\u00e3o de hip\u00f3teses, fundamentais at\u00e9 hoje.<\/p>\r\n    <\/div>\r\n  <\/div>\r\n<\/div>\r\n<div style=\"clear:both;height:0;overflow:hidden;\"><\/div>\n\n\n\n<h2 class=\"wp-block-heading\">Por que essa declara\u00e7\u00e3o repercutiu<\/h2>\n\n\n\n<p>A frase de Isaac Newton atravessou s\u00e9culos porque sintetiza um princ\u00edpio essencial da ci\u00eancia: o conhecimento \u00e9 coletivo. Em um campo marcado por descobertas, teorias e revis\u00f5es constantes, reconhecer a contribui\u00e7\u00e3o de outros pesquisadores refor\u00e7a a credibilidade do m\u00e9todo cient\u00edfico.<\/p>\n\n\n\n<p>Al\u00e9m disso, a declara\u00e7\u00e3o dialoga com debates contempor\u00e2neos sobre autoria, inova\u00e7\u00e3o e colabora\u00e7\u00e3o acad\u00eamica. Em tempos de produ\u00e7\u00e3o cient\u00edfica acelerada, a ideia de continuidade hist\u00f3rica permanece central para a valida\u00e7\u00e3o do conhecimento.<\/p>\n\n\n\n<h2 class=\"wp-block-heading\">O legado e a relev\u00e2ncia para a ci\u00eancia moderna<\/h2>\n\n\n\n<p>O pensamento de Isaac Newton continua a orientar a pr\u00e1tica cient\u00edfica contempor\u00e2nea. Sua frase simboliza a interdepend\u00eancia entre gera\u00e7\u00f5es de pesquisadores, um princ\u00edpio que sustenta \u00e1reas como f\u00edsica, tecnologia e pesquisa acad\u00eamica.<\/p>\n\n\n\n<p>Ao olhar para a hist\u00f3ria da ci\u00eancia, fica claro que cada avan\u00e7o resulta de um di\u00e1logo constante com o passado. A reflex\u00e3o de Newton permanece atual, lembrando que todo progresso cient\u00edfico nasce de uma base constru\u00edda coletivamente, ampliando horizontes e impulsionando novas descobertas.<\/p>\n","protected":false},"excerpt":{"rendered":"<p>Resumo Frase ic\u00f4nica da ci\u00eancia: Isaac Newton sintetiza a constru\u00e7\u00e3o coletiva do conhecimento cient\u00edfico em uma cita\u00e7\u00e3o hist\u00f3rica. Ideia central: A ci\u00eancia evolui a partir das descobertas de pensadores anteriores, formando uma cadeia de avan\u00e7os intelectuais. Contexto hist\u00f3rico: A frase aparece em correspond\u00eancia cient\u00edfica do s\u00e9culo XVII, refletindo o ambiente acad\u00eamico da Revolu\u00e7\u00e3o Cient\u00edfica. Na [&hellip;]<\/p>\n","protected":false},"author":23,"featured_media":126932,"comment_status":"open","ping_status":"open","sticky":false,"template":"","format":"standard","meta":{"jnews-multi-image_gallery":[],"jnews_single_post":{"format":"standard"},"jnews_primary_category":[],"jnews_social_meta":[],"jnews_override_counter":[],"footnotes":""},"categories":[3046,475],"tags":[14329,4514,2405,15081],"class_list":["post-126930","post","type-post","status-publish","format-standard","has-post-thumbnail","hentry","category-curiosidades","category-entretenimento","tag-conhecimento","tag-frases","tag-isaac-newton","tag-reflexao"],"yoast_head":"<!-- This site is optimized with the Yoast SEO plugin v26.5 - https:\/\/yoast.com\/wordpress\/plugins\/seo\/ -->\n<title>Isaac Newton, formulador das leis do movimento e da gravita\u00e7\u00e3o universal: \u201cSe vi mais longe foi por estar sobre ombros de gigantes\u201d - UAI Not\u00edcias<\/title>\n<meta name=\"description\" content=\"O pensamento de Isaac Newton sobre o avan\u00e7o do conhecimento revela algo que poucos percebem e pode surpreender voc\u00ea\" \/>\n<meta name=\"robots\" content=\"index, follow, max-snippet:-1, max-image-preview:large, max-video-preview:-1\" \/>\n<link rel=\"canonical\" href=\"https:\/\/www.uai.com.br\/uainoticias\/2026\/04\/25\/isaac-newton-formulador-das-leis-do-movimento-e-da-gravitacao-universal-se-vi-mais-longe-foi-por-estar-sobre-ombros-de-gigantes\/\" \/>\n<meta property=\"og:locale\" content=\"pt_BR\" \/>\n<meta property=\"og:type\" content=\"article\" \/>\n<meta property=\"og:title\" content=\"Isaac Newton, formulador das leis do movimento e da gravita\u00e7\u00e3o universal: \u201cSe vi mais longe foi por estar sobre ombros de gigantes\u201d - UAI Not\u00edcias\" \/>\n<meta property=\"og:description\" content=\"O pensamento de Isaac Newton sobre o avan\u00e7o do conhecimento revela algo que poucos percebem e pode surpreender voc\u00ea\" \/>\n<meta property=\"og:url\" content=\"https:\/\/www.uai.com.br\/uainoticias\/2026\/04\/25\/isaac-newton-formulador-das-leis-do-movimento-e-da-gravitacao-universal-se-vi-mais-longe-foi-por-estar-sobre-ombros-de-gigantes\/\" \/>\n<meta property=\"og:site_name\" content=\"UAI Not\u00edcias\" \/>\n<meta property=\"article:published_time\" content=\"2026-04-26T01:15:00+00:00\" \/>\n<meta property=\"og:image\" content=\"https:\/\/www.uai.com.br\/uainoticias\/wp-content\/uploads\/2026\/04\/Design_sem_nome-2026-04-24T152319.406.jpg\" \/>\n\t<meta property=\"og:image:width\" content=\"1280\" \/>\n\t<meta property=\"og:image:height\" content=\"720\" \/>\n\t<meta property=\"og:image:type\" content=\"image\/jpeg\" \/>\n<meta name=\"author\" content=\"Gustavo Trindade\" \/>\n<meta name=\"twitter:card\" content=\"summary_large_image\" \/>\n<meta name=\"twitter:label1\" content=\"Escrito por\" \/>\n\t<meta name=\"twitter:data1\" content=\"Gustavo Trindade\" \/>\n\t<meta name=\"twitter:label2\" content=\"Est. tempo de leitura\" \/>\n\t<meta name=\"twitter:data2\" content=\"4 minutos\" \/>\n<!-- \/ Yoast SEO plugin. -->","yoast_head_json":{"title":"Isaac Newton, formulador das leis do movimento e da gravita\u00e7\u00e3o universal: \u201cSe vi mais longe foi por estar sobre ombros de gigantes\u201d - UAI Not\u00edcias","description":"O pensamento de Isaac Newton sobre o avan\u00e7o do conhecimento revela algo que poucos percebem e pode surpreender voc\u00ea","robots":{"index":"index","follow":"follow","max-snippet":"max-snippet:-1","max-image-preview":"max-image-preview:large","max-video-preview":"max-video-preview:-1"},"canonical":"https:\/\/www.uai.com.br\/uainoticias\/2026\/04\/25\/isaac-newton-formulador-das-leis-do-movimento-e-da-gravitacao-universal-se-vi-mais-longe-foi-por-estar-sobre-ombros-de-gigantes\/","og_locale":"pt_BR","og_type":"article","og_title":"Isaac Newton, formulador das leis do movimento e da gravita\u00e7\u00e3o universal: \u201cSe vi mais longe foi por estar sobre ombros de gigantes\u201d - UAI Not\u00edcias","og_description":"O pensamento de Isaac Newton sobre o avan\u00e7o do conhecimento revela algo que poucos percebem e pode surpreender voc\u00ea","og_url":"https:\/\/www.uai.com.br\/uainoticias\/2026\/04\/25\/isaac-newton-formulador-das-leis-do-movimento-e-da-gravitacao-universal-se-vi-mais-longe-foi-por-estar-sobre-ombros-de-gigantes\/","og_site_name":"UAI Not\u00edcias","article_published_time":"2026-04-26T01:15:00+00:00","og_image":[{"width":1280,"height":720,"url":"https:\/\/www.uai.com.br\/uainoticias\/wp-content\/uploads\/2026\/04\/Design_sem_nome-2026-04-24T152319.406.jpg","type":"image\/jpeg"}],"author":"Gustavo Trindade","twitter_card":"summary_large_image","twitter_misc":{"Escrito por":"Gustavo Trindade","Est. tempo de leitura":"4 minutos"},"schema":{"@context":"https:\/\/schema.org","@graph":[{"@type":"WebPage","@id":"https:\/\/www.uai.com.br\/uainoticias\/2026\/04\/25\/isaac-newton-formulador-das-leis-do-movimento-e-da-gravitacao-universal-se-vi-mais-longe-foi-por-estar-sobre-ombros-de-gigantes\/","url":"https:\/\/www.uai.com.br\/uainoticias\/2026\/04\/25\/isaac-newton-formulador-das-leis-do-movimento-e-da-gravitacao-universal-se-vi-mais-longe-foi-por-estar-sobre-ombros-de-gigantes\/","name":"Isaac Newton, formulador das leis do movimento e da gravita\u00e7\u00e3o universal: \u201cSe vi mais longe foi por estar sobre ombros de gigantes\u201d - UAI Not\u00edcias","isPartOf":{"@id":"https:\/\/www.uai.com.br\/uainoticias\/#website"},"primaryImageOfPage":{"@id":"https:\/\/www.uai.com.br\/uainoticias\/2026\/04\/25\/isaac-newton-formulador-das-leis-do-movimento-e-da-gravitacao-universal-se-vi-mais-longe-foi-por-estar-sobre-ombros-de-gigantes\/#primaryimage"},"image":{"@id":"https:\/\/www.uai.com.br\/uainoticias\/2026\/04\/25\/isaac-newton-formulador-das-leis-do-movimento-e-da-gravitacao-universal-se-vi-mais-longe-foi-por-estar-sobre-ombros-de-gigantes\/#primaryimage"},"thumbnailUrl":"https:\/\/www.uai.com.br\/uainoticias\/wp-content\/uploads\/2026\/04\/Design_sem_nome-2026-04-24T152319.406.jpg","datePublished":"2026-04-26T01:15:00+00:00","author":{"@id":"https:\/\/www.uai.com.br\/uainoticias\/#\/schema\/person\/060f8bb02e250479c83590e2c4706fcc"},"description":"O pensamento de Isaac Newton sobre o avan\u00e7o do conhecimento revela algo que poucos percebem e pode surpreender voc\u00ea","breadcrumb":{"@id":"https:\/\/www.uai.com.br\/uainoticias\/2026\/04\/25\/isaac-newton-formulador-das-leis-do-movimento-e-da-gravitacao-universal-se-vi-mais-longe-foi-por-estar-sobre-ombros-de-gigantes\/#breadcrumb"},"inLanguage":"pt-BR","potentialAction":[{"@type":"ReadAction","target":["https:\/\/www.uai.com.br\/uainoticias\/2026\/04\/25\/isaac-newton-formulador-das-leis-do-movimento-e-da-gravitacao-universal-se-vi-mais-longe-foi-por-estar-sobre-ombros-de-gigantes\/"]}]},{"@type":"ImageObject","inLanguage":"pt-BR","@id":"https:\/\/www.uai.com.br\/uainoticias\/2026\/04\/25\/isaac-newton-formulador-das-leis-do-movimento-e-da-gravitacao-universal-se-vi-mais-longe-foi-por-estar-sobre-ombros-de-gigantes\/#primaryimage","url":"https:\/\/www.uai.com.br\/uainoticias\/wp-content\/uploads\/2026\/04\/Design_sem_nome-2026-04-24T152319.406.jpg","contentUrl":"https:\/\/www.uai.com.br\/uainoticias\/wp-content\/uploads\/2026\/04\/Design_sem_nome-2026-04-24T152319.406.jpg","width":1280,"height":720,"caption":"Evolu\u00e7\u00e3o das teorias baseada em descobertas anteriores"},{"@type":"BreadcrumbList","@id":"https:\/\/www.uai.com.br\/uainoticias\/2026\/04\/25\/isaac-newton-formulador-das-leis-do-movimento-e-da-gravitacao-universal-se-vi-mais-longe-foi-por-estar-sobre-ombros-de-gigantes\/#breadcrumb","itemListElement":[{"@type":"ListItem","position":1,"name":"In\u00edcio","item":"https:\/\/www.uai.com.br\/uainoticias\/"},{"@type":"ListItem","position":2,"name":"Isaac Newton, formulador das leis do movimento e da gravita\u00e7\u00e3o universal: \u201cSe vi mais longe foi por estar sobre ombros de gigantes\u201d"}]},{"@type":"WebSite","@id":"https:\/\/www.uai.com.br\/uainoticias\/#website","url":"https:\/\/www.uai.com.br\/uainoticias\/","name":"UAI Not\u00edcias","description":"Acompanhe as \u00faltimas not\u00edcias e fique bem informado sobre tudo o que acontece no Brasil e no mundo.","potentialAction":[{"@type":"SearchAction","target":{"@type":"EntryPoint","urlTemplate":"https:\/\/www.uai.com.br\/uainoticias\/?s={search_term_string}"},"query-input":{"@type":"PropertyValueSpecification","valueRequired":true,"valueName":"search_term_string"}}],"inLanguage":"pt-BR"},{"@type":"Person","@id":"https:\/\/www.uai.com.br\/uainoticias\/#\/schema\/person\/060f8bb02e250479c83590e2c4706fcc","name":"Gustavo Trindade","image":{"@type":"ImageObject","inLanguage":"pt-BR","@id":"https:\/\/www.uai.com.br\/uainoticias\/#\/schema\/person\/image\/","url":"https:\/\/secure.gravatar.com\/avatar\/05714a54ada0bd2b20e75b2c72a9e7802581213945810c2354d320b79f27b427?s=96&d=mm&r=g","contentUrl":"https:\/\/secure.gravatar.com\/avatar\/05714a54ada0bd2b20e75b2c72a9e7802581213945810c2354d320b79f27b427?s=96&d=mm&r=g","caption":"Gustavo Trindade"},"sameAs":["https:\/\/www.uai.com.br\/uainoticias\/"],"url":"https:\/\/www.uai.com.br\/uainoticias\/author\/gustavotrindade\/"}]}},"_links":{"self":[{"href":"https:\/\/www.uai.com.br\/uainoticias\/wp-json\/wp\/v2\/posts\/126930","targetHints":{"allow":["GET"]}}],"collection":[{"href":"https:\/\/www.uai.com.br\/uainoticias\/wp-json\/wp\/v2\/posts"}],"about":[{"href":"https:\/\/www.uai.com.br\/uainoticias\/wp-json\/wp\/v2\/types\/post"}],"author":[{"embeddable":true,"href":"https:\/\/www.uai.com.br\/uainoticias\/wp-json\/wp\/v2\/users\/23"}],"replies":[{"embeddable":true,"href":"https:\/\/www.uai.com.br\/uainoticias\/wp-json\/wp\/v2\/comments?post=126930"}],"version-history":[{"count":1,"href":"https:\/\/www.uai.com.br\/uainoticias\/wp-json\/wp\/v2\/posts\/126930\/revisions"}],"predecessor-version":[{"id":126933,"href":"https:\/\/www.uai.com.br\/uainoticias\/wp-json\/wp\/v2\/posts\/126930\/revisions\/126933"}],"wp:featuredmedia":[{"embeddable":true,"href":"https:\/\/www.uai.com.br\/uainoticias\/wp-json\/wp\/v2\/media\/126932"}],"wp:attachment":[{"href":"https:\/\/www.uai.com.br\/uainoticias\/wp-json\/wp\/v2\/media?parent=126930"}],"wp:term":[{"taxonomy":"category","embeddable":true,"href":"https:\/\/www.uai.com.br\/uainoticias\/wp-json\/wp\/v2\/categories?post=126930"},{"taxonomy":"post_tag","embeddable":true,"href":"https:\/\/www.uai.com.br\/uainoticias\/wp-json\/wp\/v2\/tags?post=126930"}],"curies":[{"name":"wp","href":"https:\/\/api.w.org\/{rel}","templated":true}]}}