{"id":126787,"date":"2026-04-27T08:58:00","date_gmt":"2026-04-27T11:58:00","guid":{"rendered":"https:\/\/www.uai.com.br\/uainoticias\/?p=126787"},"modified":"2026-04-24T11:23:30","modified_gmt":"2026-04-24T14:23:30","slug":"aeroporto-popular-fechara-por-um-mes-com-todos-os-voos-cancelados","status":"publish","type":"post","link":"https:\/\/www.uai.com.br\/uainoticias\/2026\/04\/27\/aeroporto-popular-fechara-por-um-mes-com-todos-os-voos-cancelados\/","title":{"rendered":"Aeroporto popular fechar\u00e1 por um m\u00eas com todos os voos cancelados"},"content":{"rendered":"\n<link href=\"https:\/\/fonts.googleapis.com\/css2?family=Inter:wght@400;600;700;800&#038;display=swap\" rel=\"stylesheet\">\r\n<style>\r\n.rdp-destaques-wrapper {\r\n  max-width: 620px;\r\n  margin: 28px auto;\r\n  background: #FFFFFF;\r\n  border: 1px solid #E0E0E0;\r\n  border-top: 3px solid #2FC3EE;\r\n  border-radius: 12px;\r\n  padding: 28px 32px;\r\n  font-family: 'Inter', sans-serif;\r\n  box-shadow: 0 4px 20px rgba(47,195,238,0.18);\r\n  overflow: hidden;\r\n  contain: layout style;\r\n  isolation: isolate;\r\n  position: relative;\r\n  z-index: 1;\r\n}\r\n.rdp-destaques-header {\r\n  display: flex;\r\n  align-items: center;\r\n  justify-content: center;\r\n  gap: 16px;\r\n  margin-bottom: 24px;\r\n}\r\n.rdp-destaques-line {\r\n  flex: 1;\r\n  height: 1px;\r\n  background: #E0E0E0;\r\n}\r\n.rdp-destaques-title {\r\n  font-size: 12px;\r\n  font-weight: 800;\r\n  text-transform: uppercase;\r\n  letter-spacing: 4px;\r\n  color: #1A1A1A;\r\n}\r\n.rdp-destaques-list {\r\n  list-style: none;\r\n  padding: 0;\r\n  margin: 0;\r\n  text-align: center;\r\n}\r\n.rdp-destaques-item {\r\n  padding: 0 0 18px 0;\r\n  line-height: 1.7;\r\n}\r\n.rdp-destaques-item:last-child {\r\n  padding-bottom: 0;\r\n}\r\n.rdp-destaques-item-bullet {\r\n  display: inline-block;\r\n  width: 8px;\r\n  height: 8px;\r\n  background: #2FC3EE;\r\n  border-radius: 50%;\r\n  margin-right: 10px;\r\n}\r\n.rdp-destaques-item-title {\r\n  font-size: 15px;\r\n  font-weight: 700;\r\n  color: #1A1A1A;\r\n}\r\n.rdp-destaques-item-desc {\r\n  font-size: 15px;\r\n  color: #333333;\r\n}\r\n<\/style>\r\n<div class=\"rdp-destaques-wrapper\">\r\n  <div class=\"rdp-destaques-header\">\r\n    <span class=\"rdp-destaques-line\"><\/span>\r\n    <span class=\"rdp-destaques-title\">Destaques<\/span>\r\n    <span class=\"rdp-destaques-line\"><\/span>\r\n  <\/div>\r\n  <ul class=\"rdp-destaques-list\">\r\n    <li class=\"rdp-destaques-item\"><span class=\"rdp-destaques-item-bullet\"><\/span><span class=\"rdp-destaques-item-title\">Fechamento total:<\/span> <span class=\"rdp-destaques-item-desc\">O aeroporto ficar\u00e1 sem pousos e decolagens de 23 de abril a 27 de maio, totalizando 35 dias.<\/span><\/li>\r\n    <li class=\"rdp-destaques-item\"><span class=\"rdp-destaques-item-bullet\"><\/span><span class=\"rdp-destaques-item-title\">Rotas afetadas:<\/span> <span class=\"rdp-destaques-item-desc\">Passageiros ter\u00e3o de buscar remarca\u00e7\u00f5es ou aeroportos alternativos na Gal\u00edcia.<\/span><\/li>\r\n    <li class=\"rdp-destaques-item\"><span class=\"rdp-destaques-item-bullet\"><\/span><span class=\"rdp-destaques-item-title\">Obra milion\u00e1ria:<\/span> <span class=\"rdp-destaques-item-desc\">A paralisa\u00e7\u00e3o faz parte de um investimento de 33 milh\u00f5es de euros para renovar a pista.<\/span><\/li>\r\n  <\/ul>\r\n<\/div>\r\n<div style=\"clear:both;height:0;overflow:hidden;\"><\/div>\n\n\n\n<p>O <strong>Aeroporto de Santiago<\/strong>, um dos mais movimentados do norte da Espanha, entrou em uma pausa incomum: por 35 dias, n\u00e3o haver\u00e1 pousos nem decolagens. Para quem planejava turismo, conex\u00e3o ou viagem pelo Caminho de Santiago, a mudan\u00e7a exige aten\u00e7\u00e3o redobrada.<\/p>\n\n\n\n<h2 class=\"wp-block-heading\">A pista que parou a Gal\u00edcia<\/h2>\n\n\n\n<p>O Aeroporto de Santiago Rosal\u00eda de Castro ficou fechado de 23 de abril a 27 de maio de 2026 para obras de renova\u00e7\u00e3o da pista. Segundo a <a href=\"https:\/\/www.aena.es\/en\/santiago-rosalia-de-castro.html\" target=\"_blank\" rel=\"noreferrer noopener\">Aena<\/a>, operadora aeroportu\u00e1ria espanhola, todo o tr\u00e1fego a\u00e9reo est\u00e1 suspenso no per\u00edodo.<\/p>\n\n\n\n<p>Na pr\u00e1tica, isso significa que nenhum avi\u00e3o pode sair ou chegar ao terminal durante a obra. A medida afeta voos nacionais, conex\u00f5es internacionais e passageiros que usam Santiago de Compostela como porta de entrada para a Gal\u00edcia.<\/p>\n\n\n\n<figure class=\"wp-block-image size-large\"><img decoding=\"async\" width=\"1024\" height=\"576\" src=\"https:\/\/www.uai.com.br\/uainoticias\/wp-content\/uploads\/2026\/04\/Aeroporto-popular-fechara-por-um-mes-com-todos-os-voos-cancelados-1024x576.jpg\" alt=\"Aeroporto popular fechar\u00e1 por um m\u00eas com todos os voos cancelados\" class=\"wp-image-126789\" srcset=\"https:\/\/www.uai.com.br\/uainoticias\/wp-content\/uploads\/2026\/04\/Aeroporto-popular-fechara-por-um-mes-com-todos-os-voos-cancelados-1024x576.jpg 1024w, https:\/\/www.uai.com.br\/uainoticias\/wp-content\/uploads\/2026\/04\/Aeroporto-popular-fechara-por-um-mes-com-todos-os-voos-cancelados-300x169.jpg 300w, https:\/\/www.uai.com.br\/uainoticias\/wp-content\/uploads\/2026\/04\/Aeroporto-popular-fechara-por-um-mes-com-todos-os-voos-cancelados-768x432.jpg 768w, https:\/\/www.uai.com.br\/uainoticias\/wp-content\/uploads\/2026\/04\/Aeroporto-popular-fechara-por-um-mes-com-todos-os-voos-cancelados-750x422.jpg 750w, https:\/\/www.uai.com.br\/uainoticias\/wp-content\/uploads\/2026\/04\/Aeroporto-popular-fechara-por-um-mes-com-todos-os-voos-cancelados-1140x641.jpg 1140w, https:\/\/www.uai.com.br\/uainoticias\/wp-content\/uploads\/2026\/04\/Aeroporto-popular-fechara-por-um-mes-com-todos-os-voos-cancelados.jpg 1280w\" sizes=\"(max-width: 1024px) 100vw, 1024px\" \/><figcaption class=\"wp-element-caption\">O aeroporto de Santiago fica fechado por 35 dias.<\/figcaption><\/figure>\n\n\n\n<h2 class=\"wp-block-heading\">Quem tinha passagem precisa olhar tudo de novo<\/h2>\n\n\n\n<p>Quem comprou passagem para o Aeroporto de Santiago deve verificar e-mails, aplicativo da companhia a\u00e9rea e status do voo. Remarca\u00e7\u00f5es, cancelamentos e mudan\u00e7as de aeroporto podem variar conforme a empresa.<\/p>\n\n\n\n<p>O cuidado vale especialmente para brasileiros viajando pela Europa, turistas em conex\u00e3o e peregrinos que pretendiam chegar ou sair por Santiago de Compostela ap\u00f3s concluir o Caminho de Santiago.<\/p>\n\n\n\n<h2 class=\"wp-block-heading\">Aeroportos alternativos entram no mapa<\/h2>\n\n\n\n<p>Durante o fechamento, muitos viajantes devem considerar alternativas pr\u00f3ximas. Antes de trocar a rota, vale comparar dist\u00e2ncia, transporte terrestre, pre\u00e7o da passagem e hor\u00e1rio de chegada.<\/p>\n\n\n\n<ul class=\"wp-block-list\">\n<li><strong>A Coru\u00f1a (Alvedro):<\/strong> a 67 km de Santiago, \u00e9 a alternativa mais pr\u00f3xima e absorveu grande parte do tr\u00e1fego desviado, com rotas extras para Sevilha, M\u00e1laga, Palma de Maiorca, Londres e Paris.<\/li>\n\n\n\n<li><strong>Vigo (Peinador):<\/strong> a 98 km de Santiago, recebe parte dos voos remanejados e funciona bem para rotas dentro da Espanha.<\/li>\n\n\n\n<li><strong>Porto:<\/strong> em Portugal, \u00e9 op\u00e7\u00e3o para quem aceita um trajeto terrestre mais longo at\u00e9 a Gal\u00edcia.<\/li>\n\n\n\n<li><strong>\u00d4nibus e trem:<\/strong> empresas como Alsa, Monbus, FlixBus e Arriva ajudam a reorganizar o roteiro quando o voo n\u00e3o chega diretamente a Santiago.<\/li>\n<\/ul>\n\n\n\n<link href=\"https:\/\/fonts.googleapis.com\/css2?family=Inter:wght@400;600;700;800&#038;display=swap\" rel=\"stylesheet\">\r\n<style>\r\n.rdp-pontos-wrapper {\r\n  max-width: 100%;\r\n  margin: 32px 0;\r\n  background: #F8F9FA;\r\n  border: 1px solid #E0E0E0;\r\n  border-radius: 12px;\r\n  padding: 28px 28px 20px;\r\n  font-family: 'Inter', sans-serif;\r\n  box-shadow: 0 4px 20px rgba(47,195,238,0.12);\r\n  overflow: hidden;\r\n  contain: layout style;\r\n  isolation: isolate;\r\n  position: relative;\r\n  z-index: 1;\r\n}\r\n.rdp-pontos-title {\r\n  font-size: 20px;\r\n  font-weight: 800;\r\n  color: #1A1A1A;\r\n  margin: 0 0 20px 0;\r\n  text-align: center;\r\n}\r\n.rdp-pontos-grid {\r\n  display: grid;\r\n  grid-template-columns: repeat(3, 1fr);\r\n  gap: 18px;\r\n}\r\n.rdp-pontos-item {\r\n  background: #FFFFFF;\r\n  border: 1px solid #E0E0E0;\r\n  border-top: 3px solid #2FC3EE;\r\n  border-radius: 10px;\r\n  padding: 22px 20px;\r\n  box-shadow: 0 2px 10px rgba(47,195,238,0.10);\r\n  text-align: center;\r\n}\r\n.rdp-pontos-emoji {\r\n  font-size: 32px;\r\n  display: block;\r\n  margin-bottom: 12px;\r\n}\r\n.rdp-pontos-item-title {\r\n  font-size: 15px;\r\n  font-weight: 700;\r\n  color: #1A1A1A;\r\n  margin-bottom: 8px;\r\n}\r\n.rdp-pontos-item-desc {\r\n  font-size: 14px;\r\n  color: #333333;\r\n  line-height: 1.6;\r\n  margin: 0;\r\n}\r\n@media (max-width: 768px) {\r\n  .rdp-pontos-grid {\r\n    grid-template-columns: 1fr;\r\n  }\r\n}\r\n<\/style>\r\n<div class=\"rdp-pontos-wrapper\">\r\n  <div class=\"rdp-pontos-title\">Pontos-chave<\/div>\r\n  <div class=\"rdp-pontos-grid\">\r\n    <div class=\"rdp-pontos-item\">\r\n      <span class=\"rdp-pontos-emoji\">\u2708\ufe0f<\/span>\r\n      <div class=\"rdp-pontos-item-title\">Voos suspensos<\/div>\r\n      <p class=\"rdp-pontos-item-desc\">O aeroporto est\u00e1 fechado para todo o tr\u00e1fego a\u00e9reo durante os 35 dias de obra.<\/p>\r\n    <\/div>\r\n    <div class=\"rdp-pontos-item\">\r\n      <span class=\"rdp-pontos-emoji\">\ud83e\uddf3<\/span>\r\n      <div class=\"rdp-pontos-item-title\">Viagens remarcadas<\/div>\r\n      <p class=\"rdp-pontos-item-desc\">Passageiros devem consultar companhias a\u00e9reas para mudan\u00e7as, reembolsos ou novas rotas.<\/p>\r\n    <\/div>\r\n    <div class=\"rdp-pontos-item\">\r\n      <span class=\"rdp-pontos-emoji\">\ud83d\ude8c<\/span>\r\n      <div class=\"rdp-pontos-item-title\">Rotas alternativas<\/div>\r\n      <p class=\"rdp-pontos-item-desc\">A Coru\u00f1a, Vigo e Porto podem ajudar quem precisa chegar \u00e0 regi\u00e3o.<\/p>\r\n    <\/div>\r\n  <\/div>\r\n<\/div>\r\n<div style=\"clear:both;height:0;overflow:hidden;\"><\/div>\n\n\n\n<h2 class=\"wp-block-heading\">O impacto aparece antes do embarque<\/h2>\n\n\n\n<p>O fechamento do Aeroporto de Santiago n\u00e3o afeta apenas quem j\u00e1 estava com mala pronta. Hot\u00e9is, transfers, aluguel de carro e passeios tamb\u00e9m podem precisar de ajuste, principalmente em uma regi\u00e3o muito ligada ao turismo religioso e cultural.<\/p>\n\n\n\n<p>Para evitar dor de cabe\u00e7a, o ideal \u00e9 confirmar cada etapa da viagem com anteced\u00eancia. Uma mudan\u00e7a no aeroporto de chegada pode alterar horas de deslocamento e at\u00e9 o or\u00e7amento final, j\u00e1 que em maio de 2025 o terminal movimentou mais de 300 mil passageiros em um \u00fanico m\u00eas.<\/p>\n\n\n\n<h2 class=\"wp-block-heading\">Depois da obra, o terminal volta mais preparado<\/h2>\n\n\n\n<p>A renova\u00e7\u00e3o da pista \u00e9 a maior interven\u00e7\u00e3o feita em Santiago de Compostela desde 2008 e envolve tamb\u00e9m a atualiza\u00e7\u00e3o dos sistemas de pouso em baixa visibilidade. Ap\u00f3s a reabertura em 27 de maio, uma rota direta entre Santiago e Newark operada pela United Airlines promete revitalizar o tr\u00e1fego.<\/p>\n\n\n\n<p>Para o viajante, a li\u00e7\u00e3o \u00e9 simples: mesmo destinos conhecidos podem mudar a log\u00edstica de uma hora para outra. Conferir comunicados oficiais, hor\u00e1rios e alternativas transforma uma surpresa ruim em um roteiro mais seguro.<\/p>\n\n\n\n<p>Compartilhe esta informa\u00e7\u00e3o com quem pretende viajar para a Espanha ou fazer o Caminho de Santiago nas pr\u00f3ximas semanas.<\/p>\n","protected":false},"excerpt":{"rendered":"<p>Destaques Fechamento total: O aeroporto ficar\u00e1 sem pousos e decolagens de 23 de abril a 27 de maio, totalizando 35 dias. Rotas afetadas: Passageiros ter\u00e3o de buscar remarca\u00e7\u00f5es ou aeroportos alternativos na Gal\u00edcia. Obra milion\u00e1ria: A paralisa\u00e7\u00e3o faz parte de um investimento de 33 milh\u00f5es de euros para renovar a pista. O Aeroporto de Santiago, [&hellip;]<\/p>\n","protected":false},"author":6,"featured_media":126788,"comment_status":"open","ping_status":"open","sticky":false,"template":"","format":"standard","meta":{"jnews-multi-image_gallery":[],"jnews_single_post":{"format":"standard"},"jnews_primary_category":[],"jnews_social_meta":[],"jnews_override_counter":[],"footnotes":""},"categories":[11601],"tags":[23344,23347,23345,23343],"class_list":["post-126787","post","type-post","status-publish","format-standard","has-post-thumbnail","hentry","category-noticia","tag-aeroporto-de-santiago","tag-rotas-alternativas","tag-viagem-espanha","tag-voos-suspensos"],"yoast_head":"<!-- This site is optimized with the Yoast SEO plugin v26.5 - https:\/\/yoast.com\/wordpress\/plugins\/seo\/ -->\n<title>Aeroporto popular fechar\u00e1 por um m\u00eas com todos os voos cancelados - UAI Not\u00edcias<\/title>\n<meta name=\"description\" content=\"Um cen\u00e1rio diferente no norte da Espanha faz viajantes reavaliarem planos e buscarem alternativas para evitar imprevistos.\" \/>\n<meta name=\"robots\" content=\"index, follow, max-snippet:-1, max-image-preview:large, max-video-preview:-1\" \/>\n<link rel=\"canonical\" href=\"https:\/\/www.uai.com.br\/uainoticias\/2026\/04\/27\/aeroporto-popular-fechara-por-um-mes-com-todos-os-voos-cancelados\/\" \/>\n<meta property=\"og:locale\" content=\"pt_BR\" \/>\n<meta property=\"og:type\" content=\"article\" \/>\n<meta property=\"og:title\" content=\"Aeroporto popular fechar\u00e1 por um m\u00eas com todos os voos cancelados - UAI Not\u00edcias\" \/>\n<meta property=\"og:description\" content=\"Um cen\u00e1rio diferente no norte da Espanha faz viajantes reavaliarem planos e buscarem alternativas para evitar imprevistos.\" \/>\n<meta property=\"og:url\" content=\"https:\/\/www.uai.com.br\/uainoticias\/2026\/04\/27\/aeroporto-popular-fechara-por-um-mes-com-todos-os-voos-cancelados\/\" \/>\n<meta property=\"og:site_name\" content=\"UAI Not\u00edcias\" \/>\n<meta property=\"article:published_time\" content=\"2026-04-27T11:58:00+00:00\" \/>\n<meta property=\"og:image\" content=\"https:\/\/www.uai.com.br\/uainoticias\/wp-content\/uploads\/2026\/04\/Aeroporto-popular-fechara-por-um-mes-com-todos-os-voos-cancelados-1.jpg\" \/>\n\t<meta property=\"og:image:width\" content=\"1280\" \/>\n\t<meta property=\"og:image:height\" content=\"720\" \/>\n\t<meta property=\"og:image:type\" content=\"image\/jpeg\" \/>\n<meta name=\"author\" content=\"Nubia Rangel\" \/>\n<meta name=\"twitter:card\" content=\"summary_large_image\" \/>\n<meta name=\"twitter:label1\" content=\"Escrito por\" \/>\n\t<meta name=\"twitter:data1\" content=\"Nubia Rangel\" \/>\n\t<meta name=\"twitter:label2\" content=\"Est. tempo de leitura\" \/>\n\t<meta name=\"twitter:data2\" content=\"4 minutos\" \/>\n<!-- \/ Yoast SEO plugin. -->","yoast_head_json":{"title":"Aeroporto popular fechar\u00e1 por um m\u00eas com todos os voos cancelados - UAI Not\u00edcias","description":"Um cen\u00e1rio diferente no norte da Espanha faz viajantes reavaliarem planos e buscarem alternativas para evitar imprevistos.","robots":{"index":"index","follow":"follow","max-snippet":"max-snippet:-1","max-image-preview":"max-image-preview:large","max-video-preview":"max-video-preview:-1"},"canonical":"https:\/\/www.uai.com.br\/uainoticias\/2026\/04\/27\/aeroporto-popular-fechara-por-um-mes-com-todos-os-voos-cancelados\/","og_locale":"pt_BR","og_type":"article","og_title":"Aeroporto popular fechar\u00e1 por um m\u00eas com todos os voos cancelados - UAI Not\u00edcias","og_description":"Um cen\u00e1rio diferente no norte da Espanha faz viajantes reavaliarem planos e buscarem alternativas para evitar imprevistos.","og_url":"https:\/\/www.uai.com.br\/uainoticias\/2026\/04\/27\/aeroporto-popular-fechara-por-um-mes-com-todos-os-voos-cancelados\/","og_site_name":"UAI Not\u00edcias","article_published_time":"2026-04-27T11:58:00+00:00","og_image":[{"width":1280,"height":720,"url":"https:\/\/www.uai.com.br\/uainoticias\/wp-content\/uploads\/2026\/04\/Aeroporto-popular-fechara-por-um-mes-com-todos-os-voos-cancelados-1.jpg","type":"image\/jpeg"}],"author":"Nubia Rangel","twitter_card":"summary_large_image","twitter_misc":{"Escrito por":"Nubia Rangel","Est. tempo de leitura":"4 minutos"},"schema":{"@context":"https:\/\/schema.org","@graph":[{"@type":"WebPage","@id":"https:\/\/www.uai.com.br\/uainoticias\/2026\/04\/27\/aeroporto-popular-fechara-por-um-mes-com-todos-os-voos-cancelados\/","url":"https:\/\/www.uai.com.br\/uainoticias\/2026\/04\/27\/aeroporto-popular-fechara-por-um-mes-com-todos-os-voos-cancelados\/","name":"Aeroporto popular fechar\u00e1 por um m\u00eas com todos os voos cancelados - UAI Not\u00edcias","isPartOf":{"@id":"https:\/\/www.uai.com.br\/uainoticias\/#website"},"primaryImageOfPage":{"@id":"https:\/\/www.uai.com.br\/uainoticias\/2026\/04\/27\/aeroporto-popular-fechara-por-um-mes-com-todos-os-voos-cancelados\/#primaryimage"},"image":{"@id":"https:\/\/www.uai.com.br\/uainoticias\/2026\/04\/27\/aeroporto-popular-fechara-por-um-mes-com-todos-os-voos-cancelados\/#primaryimage"},"thumbnailUrl":"https:\/\/www.uai.com.br\/uainoticias\/wp-content\/uploads\/2026\/04\/Aeroporto-popular-fechara-por-um-mes-com-todos-os-voos-cancelados-1.jpg","datePublished":"2026-04-27T11:58:00+00:00","author":{"@id":"https:\/\/www.uai.com.br\/uainoticias\/#\/schema\/person\/d70e886a4103e1e8683d36d868d7aa74"},"description":"Um cen\u00e1rio diferente no norte da Espanha faz viajantes reavaliarem planos e buscarem alternativas para evitar imprevistos.","breadcrumb":{"@id":"https:\/\/www.uai.com.br\/uainoticias\/2026\/04\/27\/aeroporto-popular-fechara-por-um-mes-com-todos-os-voos-cancelados\/#breadcrumb"},"inLanguage":"pt-BR","potentialAction":[{"@type":"ReadAction","target":["https:\/\/www.uai.com.br\/uainoticias\/2026\/04\/27\/aeroporto-popular-fechara-por-um-mes-com-todos-os-voos-cancelados\/"]}]},{"@type":"ImageObject","inLanguage":"pt-BR","@id":"https:\/\/www.uai.com.br\/uainoticias\/2026\/04\/27\/aeroporto-popular-fechara-por-um-mes-com-todos-os-voos-cancelados\/#primaryimage","url":"https:\/\/www.uai.com.br\/uainoticias\/wp-content\/uploads\/2026\/04\/Aeroporto-popular-fechara-por-um-mes-com-todos-os-voos-cancelados-1.jpg","contentUrl":"https:\/\/www.uai.com.br\/uainoticias\/wp-content\/uploads\/2026\/04\/Aeroporto-popular-fechara-por-um-mes-com-todos-os-voos-cancelados-1.jpg","width":1280,"height":720,"caption":"Passageiros precisam rever rotas e passagens."},{"@type":"BreadcrumbList","@id":"https:\/\/www.uai.com.br\/uainoticias\/2026\/04\/27\/aeroporto-popular-fechara-por-um-mes-com-todos-os-voos-cancelados\/#breadcrumb","itemListElement":[{"@type":"ListItem","position":1,"name":"In\u00edcio","item":"https:\/\/www.uai.com.br\/uainoticias\/"},{"@type":"ListItem","position":2,"name":"Aeroporto popular fechar\u00e1 por um m\u00eas com todos os voos cancelados"}]},{"@type":"WebSite","@id":"https:\/\/www.uai.com.br\/uainoticias\/#website","url":"https:\/\/www.uai.com.br\/uainoticias\/","name":"UAI Not\u00edcias","description":"Acompanhe as \u00faltimas not\u00edcias e fique bem informado sobre tudo o que acontece no Brasil e no mundo.","potentialAction":[{"@type":"SearchAction","target":{"@type":"EntryPoint","urlTemplate":"https:\/\/www.uai.com.br\/uainoticias\/?s={search_term_string}"},"query-input":{"@type":"PropertyValueSpecification","valueRequired":true,"valueName":"search_term_string"}}],"inLanguage":"pt-BR"},{"@type":"Person","@id":"https:\/\/www.uai.com.br\/uainoticias\/#\/schema\/person\/d70e886a4103e1e8683d36d868d7aa74","name":"Nubia Rangel","image":{"@type":"ImageObject","inLanguage":"pt-BR","@id":"https:\/\/www.uai.com.br\/uainoticias\/#\/schema\/person\/image\/","url":"https:\/\/secure.gravatar.com\/avatar\/252f169abe8ee815746433e68b4eaf99c7f991aa4da64e1bc97505ca39ff93e4?s=96&d=mm&r=g","contentUrl":"https:\/\/secure.gravatar.com\/avatar\/252f169abe8ee815746433e68b4eaf99c7f991aa4da64e1bc97505ca39ff93e4?s=96&d=mm&r=g","caption":"Nubia Rangel"},"sameAs":["https:\/\/www.uai.com.br\/uainoticias\/"],"url":"https:\/\/www.uai.com.br\/uainoticias\/author\/nubiamyth\/"}]}},"_links":{"self":[{"href":"https:\/\/www.uai.com.br\/uainoticias\/wp-json\/wp\/v2\/posts\/126787","targetHints":{"allow":["GET"]}}],"collection":[{"href":"https:\/\/www.uai.com.br\/uainoticias\/wp-json\/wp\/v2\/posts"}],"about":[{"href":"https:\/\/www.uai.com.br\/uainoticias\/wp-json\/wp\/v2\/types\/post"}],"author":[{"embeddable":true,"href":"https:\/\/www.uai.com.br\/uainoticias\/wp-json\/wp\/v2\/users\/6"}],"replies":[{"embeddable":true,"href":"https:\/\/www.uai.com.br\/uainoticias\/wp-json\/wp\/v2\/comments?post=126787"}],"version-history":[{"count":1,"href":"https:\/\/www.uai.com.br\/uainoticias\/wp-json\/wp\/v2\/posts\/126787\/revisions"}],"predecessor-version":[{"id":126790,"href":"https:\/\/www.uai.com.br\/uainoticias\/wp-json\/wp\/v2\/posts\/126787\/revisions\/126790"}],"wp:featuredmedia":[{"embeddable":true,"href":"https:\/\/www.uai.com.br\/uainoticias\/wp-json\/wp\/v2\/media\/126788"}],"wp:attachment":[{"href":"https:\/\/www.uai.com.br\/uainoticias\/wp-json\/wp\/v2\/media?parent=126787"}],"wp:term":[{"taxonomy":"category","embeddable":true,"href":"https:\/\/www.uai.com.br\/uainoticias\/wp-json\/wp\/v2\/categories?post=126787"},{"taxonomy":"post_tag","embeddable":true,"href":"https:\/\/www.uai.com.br\/uainoticias\/wp-json\/wp\/v2\/tags?post=126787"}],"curies":[{"name":"wp","href":"https:\/\/api.w.org\/{rel}","templated":true}]}}