{"id":126783,"date":"2026-04-27T08:08:00","date_gmt":"2026-04-27T11:08:00","guid":{"rendered":"https:\/\/www.uai.com.br\/uainoticias\/?p=126783"},"modified":"2026-04-24T11:04:55","modified_gmt":"2026-04-24T14:04:55","slug":"adeus-a-escala-6x1-a-reforma-que-ja-e-lei-no-pais-e-anima-trabalhadores","status":"publish","type":"post","link":"https:\/\/www.uai.com.br\/uainoticias\/2026\/04\/27\/adeus-a-escala-6x1-a-reforma-que-ja-e-lei-no-pais-e-anima-trabalhadores\/","title":{"rendered":"Adeus \u00e0 escala 6&#215;1: a reforma que j\u00e1 \u00e9 lei no pa\u00eds e anima trabalhadores"},"content":{"rendered":"\n<p>A conversa sobre trabalhar menos sem ganhar menos deixou de ser utopia e virou pauta concreta. No M\u00e9xico, a redu\u00e7\u00e3o da jornada j\u00e1 \u00e9 realidade constitucional. No Brasil, a semana de 40 horas ganhou tra\u00e7\u00e3o em abril de 2026 e mexe com a rotina de milh\u00f5es de trabalhadores.<\/p>\n\n\n\n<h2 class=\"wp-block-heading\">A virada hist\u00f3rica que come\u00e7ou no M\u00e9xico<\/h2>\n\n\n\n<p>No dia 3 de mar\u00e7o de 2026, o Di\u00e1rio Oficial da Federa\u00e7\u00e3o publicou a reforma que altera o Artigo 123 da Constitui\u00e7\u00e3o mexicana. O texto estabelece a jornada laboral de 40 horas semanais, com redu\u00e7\u00e3o gradual a partir de 1\u00ba de janeiro de 2027.<\/p>\n\n\n\n<p>A transi\u00e7\u00e3o foi desenhada em etapas: <strong>46 horas em 2027, 44 em 2028, 42 em 2029 e 40 horas a partir de 2030<\/strong>. Em 2026, a carga hor\u00e1ria segue em 48 horas enquanto o Congresso adapta a Ley Federal del Trabajo.<\/p>\n\n\n\n<h2 class=\"wp-block-heading\">E como fica a hist\u00f3ria por aqui?<\/h2>\n\n\n\n<p>No Brasil, o debate ganhou novo cap\u00edtulo em abril de 2026. O presidente Lula enviou ao Congresso o <a href=\"https:\/\/www.camara.leg.br\/propostas-legislativas\/2495821\" target=\"_blank\" rel=\"noreferrer noopener\">PL 1838\/2026<\/a> em regime de urg\u00eancia, fixando o limite de 40 horas semanais, garantindo dois dias de descanso e encerrando a escala 6&#215;1, tudo sem redu\u00e7\u00e3o salarial.<\/p>\n\n\n\n<p>Em paralelo, a PEC 148\/2015, do senador Paulo Paim, aguarda vota\u00e7\u00e3o no Plen\u00e1rio do <a href=\"https:\/\/www25.senado.leg.br\/web\/atividade\/materias\/-\/materia\/124067\" target=\"_blank\" rel=\"noreferrer noopener\">Senado Federal<\/a>, ap\u00f3s ter sido aprovada na CCJ em dezembro de 2025. A proposta prev\u00ea transi\u00e7\u00e3o de quatro anos, caindo de 44 para 40 horas de cara e chegando a 36 horas semanais. Na <a href=\"https:\/\/www.camara.leg.br\/\" target=\"_blank\" rel=\"noreferrer noopener\">C\u00e2mara dos Deputados<\/a>, a CCJ aprovou em 22 de abril a admissibilidade da PEC que acaba com a escala 6&#215;1.<\/p>\n\n\n\n<figure class=\"wp-block-image size-large\"><img decoding=\"async\" width=\"1024\" height=\"576\" src=\"https:\/\/www.uai.com.br\/uainoticias\/wp-content\/uploads\/2026\/04\/Adeus-a-reducao-da-jornada-de-trabalho-os-funcionarios-serao-obrigados-a-trabalhar-mais-horas-e-sem-pausas-para-compensar-o-dia-de-folga-1024x576.jpg\" alt=\"Adeus \u00e0 redu\u00e7\u00e3o da jornada de trabalho: os funcion\u00e1rios ser\u00e3o obrigados a trabalhar mais horas e sem pausas para compensar o dia de folga\" class=\"wp-image-120805\" srcset=\"https:\/\/www.uai.com.br\/uainoticias\/wp-content\/uploads\/2026\/04\/Adeus-a-reducao-da-jornada-de-trabalho-os-funcionarios-serao-obrigados-a-trabalhar-mais-horas-e-sem-pausas-para-compensar-o-dia-de-folga-1024x576.jpg 1024w, https:\/\/www.uai.com.br\/uainoticias\/wp-content\/uploads\/2026\/04\/Adeus-a-reducao-da-jornada-de-trabalho-os-funcionarios-serao-obrigados-a-trabalhar-mais-horas-e-sem-pausas-para-compensar-o-dia-de-folga-300x169.jpg 300w, https:\/\/www.uai.com.br\/uainoticias\/wp-content\/uploads\/2026\/04\/Adeus-a-reducao-da-jornada-de-trabalho-os-funcionarios-serao-obrigados-a-trabalhar-mais-horas-e-sem-pausas-para-compensar-o-dia-de-folga-768x432.jpg 768w, https:\/\/www.uai.com.br\/uainoticias\/wp-content\/uploads\/2026\/04\/Adeus-a-reducao-da-jornada-de-trabalho-os-funcionarios-serao-obrigados-a-trabalhar-mais-horas-e-sem-pausas-para-compensar-o-dia-de-folga-750x422.jpg 750w, https:\/\/www.uai.com.br\/uainoticias\/wp-content\/uploads\/2026\/04\/Adeus-a-reducao-da-jornada-de-trabalho-os-funcionarios-serao-obrigados-a-trabalhar-mais-horas-e-sem-pausas-para-compensar-o-dia-de-folga-1140x641.jpg 1140w, https:\/\/www.uai.com.br\/uainoticias\/wp-content\/uploads\/2026\/04\/Adeus-a-reducao-da-jornada-de-trabalho-os-funcionarios-serao-obrigados-a-trabalhar-mais-horas-e-sem-pausas-para-compensar-o-dia-de-folga.jpg 1280w\" sizes=\"(max-width: 1024px) 100vw, 1024px\" \/><figcaption class=\"wp-element-caption\">Menos horas j\u00e1 come\u00e7am a mudar o mercado<\/figcaption><\/figure>\n\n\n\n<h2 class=\"wp-block-heading\">O detalhe das horas extras que poucos perceberam<\/h2>\n\n\n\n<p>A reforma mexicana trouxe regras espec\u00edficas que merecem aten\u00e7\u00e3o de quem trabalha ou contrata. O trabalho extraordin\u00e1rio passa a ter limites claros e remunera\u00e7\u00e3o diferenciada conforme o volume de horas excedidas.<\/p>\n\n\n\n<p>Confira os principais pontos da nova regra mexicana sobre horas extras e descanso:<\/p>\n\n\n\n<ul class=\"wp-block-list\">\n<li><strong>Teto semanal:<\/strong> m\u00e1ximo de 12 horas extras por semana, com at\u00e9 4 horas di\u00e1rias em no m\u00e1ximo 4 dias.<\/li>\n\n\n\n<li><strong>Pagamento das horas extras:<\/strong> 100% a mais dentro do limite legal e 200% a mais quando ultrapassado.<\/li>\n\n\n\n<li><strong>Menores de idade:<\/strong> trabalhadores com menos de 18 anos ficam proibidos de realizar horas extras.<\/li>\n\n\n\n<li><strong>Descanso semanal:<\/strong> um dia de folga a cada seis dias trabalhados, com sal\u00e1rio integral garantido.<\/li>\n\n\n\n<li><strong>Sal\u00e1rios preservados:<\/strong> a redu\u00e7\u00e3o da jornada n\u00e3o pode implicar corte de remunera\u00e7\u00e3o ou benef\u00edcios.<\/li>\n<\/ul>\n\n\n\n<h2 class=\"wp-block-heading\">O que muda de fato no bolso e na rotina<\/h2>\n\n\n\n<p>Para o trabalhador, a mudan\u00e7a significa mais tempo livre sem redu\u00e7\u00e3o de sal\u00e1rio, um raro ganho duplo. Para as empresas, o desafio \u00e9 manter a mesma produ\u00e7\u00e3o com menos horas dispon\u00edveis, o que exige planejamento e investimento.<\/p>\n\n\n\n<p>Hot\u00e9is como o <strong>Pal\u00e1cio Tangar\u00e1<\/strong>, em S\u00e3o Paulo, e o <strong>Copacabana Palace<\/strong>, no Rio, j\u00e1 adotaram voluntariamente a escala 5&#215;2, contratando mais gente para manter a opera\u00e7\u00e3o. O setor de tecnologia tamb\u00e9m surge como caminho, com ferramentas digitais compensando a redu\u00e7\u00e3o.<\/p>\n\n\n\n<h2 class=\"wp-block-heading\">Menos horas, mais produtividade por hora<\/h2>\n\n\n\n<p>A dire\u00e7\u00e3o \u00e9 clara nos dois pa\u00edses: trabalhar menos, produzir mais por hora e ganhar qualidade de vida. Estudo do Cesit\/Unicamp aponta que a redu\u00e7\u00e3o para 40 horas pode beneficiar cerca de 45 milh\u00f5es de trabalhadores brasileiros, com impacto inferior a 1% nos custos operacionais da ind\u00fastria e do com\u00e9rcio.<\/p>\n\n\n\n<p>O que parecia distante h\u00e1 poucos anos virou pauta urgente dos dois lados da Am\u00e9rica Latina. Entre calend\u00e1rios, vota\u00e7\u00f5es e negocia\u00e7\u00f5es, uma coisa parece certa: a rotina de trabalho que conhecemos est\u00e1 prestes a ganhar novos contornos.<\/p>\n\n\n\n<p><strong>Gostou do conte\u00fado? Compartilhe com amigos e familiares que tamb\u00e9m querem entender como essa mudan\u00e7a pode transformar o dia a dia do trabalho.<\/strong><\/p>\n","protected":false},"excerpt":{"rendered":"<p>A conversa sobre trabalhar menos sem ganhar menos deixou de ser utopia e virou pauta concreta. No M\u00e9xico, a redu\u00e7\u00e3o da jornada j\u00e1 \u00e9 realidade constitucional. No Brasil, a semana de 40 horas ganhou tra\u00e7\u00e3o em abril de 2026 e mexe com a rotina de milh\u00f5es de trabalhadores. A virada hist\u00f3rica que come\u00e7ou no M\u00e9xico [&hellip;]<\/p>\n","protected":false},"author":6,"featured_media":93283,"comment_status":"open","ping_status":"open","sticky":false,"template":"","format":"standard","meta":{"jnews-multi-image_gallery":[],"jnews_single_post":{"format":"standard"},"jnews_primary_category":[],"jnews_social_meta":[],"jnews_override_counter":[],"footnotes":""},"categories":[11601],"tags":[2097,1130,23341,23342],"class_list":["post-126783","post","type-post","status-publish","format-standard","has-post-thumbnail","hentry","category-noticia","tag-jornada-de-trabalho","tag-mercado-de-trabalho","tag-reducao-de-jornada","tag-semana-de-40-horas"],"yoast_head":"<!-- This site is optimized with the Yoast SEO plugin v26.5 - https:\/\/yoast.com\/wordpress\/plugins\/seo\/ -->\n<title>Adeus \u00e0 escala 6x1: a reforma que j\u00e1 \u00e9 lei no pa\u00eds e anima trabalhadores - UAI Not\u00edcias<\/title>\n<meta name=\"description\" content=\"Novas decis\u00f5es sobre jornada e organiza\u00e7\u00e3o do trabalho chamam aten\u00e7\u00e3o e levantam d\u00favidas sobre o que vem pela frente.\" \/>\n<meta name=\"robots\" content=\"index, follow, max-snippet:-1, max-image-preview:large, max-video-preview:-1\" \/>\n<link rel=\"canonical\" href=\"https:\/\/www.uai.com.br\/uainoticias\/2026\/04\/27\/adeus-a-escala-6x1-a-reforma-que-ja-e-lei-no-pais-e-anima-trabalhadores\/\" \/>\n<meta property=\"og:locale\" content=\"pt_BR\" \/>\n<meta property=\"og:type\" content=\"article\" \/>\n<meta property=\"og:title\" content=\"Adeus \u00e0 escala 6x1: a reforma que j\u00e1 \u00e9 lei no pa\u00eds e anima trabalhadores - UAI Not\u00edcias\" \/>\n<meta property=\"og:description\" content=\"Novas decis\u00f5es sobre jornada e organiza\u00e7\u00e3o do trabalho chamam aten\u00e7\u00e3o e levantam d\u00favidas sobre o que vem pela frente.\" \/>\n<meta property=\"og:url\" content=\"https:\/\/www.uai.com.br\/uainoticias\/2026\/04\/27\/adeus-a-escala-6x1-a-reforma-que-ja-e-lei-no-pais-e-anima-trabalhadores\/\" \/>\n<meta property=\"og:site_name\" content=\"UAI Not\u00edcias\" \/>\n<meta property=\"article:published_time\" content=\"2026-04-27T11:08:00+00:00\" \/>\n<meta property=\"og:image\" content=\"https:\/\/www.uai.com.br\/uainoticias\/wp-content\/uploads\/2025\/12\/CARTEIRA-DE-TRABALHO_1765201133927.jpg\" \/>\n\t<meta property=\"og:image:width\" content=\"1280\" \/>\n\t<meta property=\"og:image:height\" content=\"720\" \/>\n\t<meta property=\"og:image:type\" content=\"image\/jpeg\" \/>\n<meta name=\"author\" content=\"Nubia Rangel\" \/>\n<meta name=\"twitter:card\" content=\"summary_large_image\" \/>\n<meta name=\"twitter:label1\" content=\"Escrito por\" \/>\n\t<meta name=\"twitter:data1\" content=\"Nubia Rangel\" \/>\n\t<meta name=\"twitter:label2\" content=\"Est. tempo de leitura\" \/>\n\t<meta name=\"twitter:data2\" content=\"4 minutos\" \/>\n<!-- \/ Yoast SEO plugin. -->","yoast_head_json":{"title":"Adeus \u00e0 escala 6x1: a reforma que j\u00e1 \u00e9 lei no pa\u00eds e anima trabalhadores - UAI Not\u00edcias","description":"Novas decis\u00f5es sobre jornada e organiza\u00e7\u00e3o do trabalho chamam aten\u00e7\u00e3o e levantam d\u00favidas sobre o que vem pela frente.","robots":{"index":"index","follow":"follow","max-snippet":"max-snippet:-1","max-image-preview":"max-image-preview:large","max-video-preview":"max-video-preview:-1"},"canonical":"https:\/\/www.uai.com.br\/uainoticias\/2026\/04\/27\/adeus-a-escala-6x1-a-reforma-que-ja-e-lei-no-pais-e-anima-trabalhadores\/","og_locale":"pt_BR","og_type":"article","og_title":"Adeus \u00e0 escala 6x1: a reforma que j\u00e1 \u00e9 lei no pa\u00eds e anima trabalhadores - UAI Not\u00edcias","og_description":"Novas decis\u00f5es sobre jornada e organiza\u00e7\u00e3o do trabalho chamam aten\u00e7\u00e3o e levantam d\u00favidas sobre o que vem pela frente.","og_url":"https:\/\/www.uai.com.br\/uainoticias\/2026\/04\/27\/adeus-a-escala-6x1-a-reforma-que-ja-e-lei-no-pais-e-anima-trabalhadores\/","og_site_name":"UAI Not\u00edcias","article_published_time":"2026-04-27T11:08:00+00:00","og_image":[{"width":1280,"height":720,"url":"https:\/\/www.uai.com.br\/uainoticias\/wp-content\/uploads\/2025\/12\/CARTEIRA-DE-TRABALHO_1765201133927.jpg","type":"image\/jpeg"}],"author":"Nubia Rangel","twitter_card":"summary_large_image","twitter_misc":{"Escrito por":"Nubia Rangel","Est. tempo de leitura":"4 minutos"},"schema":{"@context":"https:\/\/schema.org","@graph":[{"@type":"WebPage","@id":"https:\/\/www.uai.com.br\/uainoticias\/2026\/04\/27\/adeus-a-escala-6x1-a-reforma-que-ja-e-lei-no-pais-e-anima-trabalhadores\/","url":"https:\/\/www.uai.com.br\/uainoticias\/2026\/04\/27\/adeus-a-escala-6x1-a-reforma-que-ja-e-lei-no-pais-e-anima-trabalhadores\/","name":"Adeus \u00e0 escala 6x1: a reforma que j\u00e1 \u00e9 lei no pa\u00eds e anima trabalhadores - UAI Not\u00edcias","isPartOf":{"@id":"https:\/\/www.uai.com.br\/uainoticias\/#website"},"primaryImageOfPage":{"@id":"https:\/\/www.uai.com.br\/uainoticias\/2026\/04\/27\/adeus-a-escala-6x1-a-reforma-que-ja-e-lei-no-pais-e-anima-trabalhadores\/#primaryimage"},"image":{"@id":"https:\/\/www.uai.com.br\/uainoticias\/2026\/04\/27\/adeus-a-escala-6x1-a-reforma-que-ja-e-lei-no-pais-e-anima-trabalhadores\/#primaryimage"},"thumbnailUrl":"https:\/\/www.uai.com.br\/uainoticias\/wp-content\/uploads\/2025\/12\/CARTEIRA-DE-TRABALHO_1765201133927.jpg","datePublished":"2026-04-27T11:08:00+00:00","author":{"@id":"https:\/\/www.uai.com.br\/uainoticias\/#\/schema\/person\/d70e886a4103e1e8683d36d868d7aa74"},"description":"Novas decis\u00f5es sobre jornada e organiza\u00e7\u00e3o do trabalho chamam aten\u00e7\u00e3o e levantam d\u00favidas sobre o que vem pela frente.","breadcrumb":{"@id":"https:\/\/www.uai.com.br\/uainoticias\/2026\/04\/27\/adeus-a-escala-6x1-a-reforma-que-ja-e-lei-no-pais-e-anima-trabalhadores\/#breadcrumb"},"inLanguage":"pt-BR","potentialAction":[{"@type":"ReadAction","target":["https:\/\/www.uai.com.br\/uainoticias\/2026\/04\/27\/adeus-a-escala-6x1-a-reforma-que-ja-e-lei-no-pais-e-anima-trabalhadores\/"]}]},{"@type":"ImageObject","inLanguage":"pt-BR","@id":"https:\/\/www.uai.com.br\/uainoticias\/2026\/04\/27\/adeus-a-escala-6x1-a-reforma-que-ja-e-lei-no-pais-e-anima-trabalhadores\/#primaryimage","url":"https:\/\/www.uai.com.br\/uainoticias\/wp-content\/uploads\/2025\/12\/CARTEIRA-DE-TRABALHO_1765201133927.jpg","contentUrl":"https:\/\/www.uai.com.br\/uainoticias\/wp-content\/uploads\/2025\/12\/CARTEIRA-DE-TRABALHO_1765201133927.jpg","width":1280,"height":720,"caption":"Trabalhar menos j\u00e1 vira realidade em alguns pa\u00edses.- Cr\u00e9ditos: depositphotos.com \/ rafapress"},{"@type":"BreadcrumbList","@id":"https:\/\/www.uai.com.br\/uainoticias\/2026\/04\/27\/adeus-a-escala-6x1-a-reforma-que-ja-e-lei-no-pais-e-anima-trabalhadores\/#breadcrumb","itemListElement":[{"@type":"ListItem","position":1,"name":"In\u00edcio","item":"https:\/\/www.uai.com.br\/uainoticias\/"},{"@type":"ListItem","position":2,"name":"Adeus \u00e0 escala 6&#215;1: a reforma que j\u00e1 \u00e9 lei no pa\u00eds e anima trabalhadores"}]},{"@type":"WebSite","@id":"https:\/\/www.uai.com.br\/uainoticias\/#website","url":"https:\/\/www.uai.com.br\/uainoticias\/","name":"UAI Not\u00edcias","description":"Acompanhe as \u00faltimas not\u00edcias e fique bem informado sobre tudo o que acontece no Brasil e no mundo.","potentialAction":[{"@type":"SearchAction","target":{"@type":"EntryPoint","urlTemplate":"https:\/\/www.uai.com.br\/uainoticias\/?s={search_term_string}"},"query-input":{"@type":"PropertyValueSpecification","valueRequired":true,"valueName":"search_term_string"}}],"inLanguage":"pt-BR"},{"@type":"Person","@id":"https:\/\/www.uai.com.br\/uainoticias\/#\/schema\/person\/d70e886a4103e1e8683d36d868d7aa74","name":"Nubia Rangel","image":{"@type":"ImageObject","inLanguage":"pt-BR","@id":"https:\/\/www.uai.com.br\/uainoticias\/#\/schema\/person\/image\/","url":"https:\/\/secure.gravatar.com\/avatar\/252f169abe8ee815746433e68b4eaf99c7f991aa4da64e1bc97505ca39ff93e4?s=96&d=mm&r=g","contentUrl":"https:\/\/secure.gravatar.com\/avatar\/252f169abe8ee815746433e68b4eaf99c7f991aa4da64e1bc97505ca39ff93e4?s=96&d=mm&r=g","caption":"Nubia Rangel"},"sameAs":["https:\/\/www.uai.com.br\/uainoticias\/"],"url":"https:\/\/www.uai.com.br\/uainoticias\/author\/nubiamyth\/"}]}},"_links":{"self":[{"href":"https:\/\/www.uai.com.br\/uainoticias\/wp-json\/wp\/v2\/posts\/126783","targetHints":{"allow":["GET"]}}],"collection":[{"href":"https:\/\/www.uai.com.br\/uainoticias\/wp-json\/wp\/v2\/posts"}],"about":[{"href":"https:\/\/www.uai.com.br\/uainoticias\/wp-json\/wp\/v2\/types\/post"}],"author":[{"embeddable":true,"href":"https:\/\/www.uai.com.br\/uainoticias\/wp-json\/wp\/v2\/users\/6"}],"replies":[{"embeddable":true,"href":"https:\/\/www.uai.com.br\/uainoticias\/wp-json\/wp\/v2\/comments?post=126783"}],"version-history":[{"count":2,"href":"https:\/\/www.uai.com.br\/uainoticias\/wp-json\/wp\/v2\/posts\/126783\/revisions"}],"predecessor-version":[{"id":126786,"href":"https:\/\/www.uai.com.br\/uainoticias\/wp-json\/wp\/v2\/posts\/126783\/revisions\/126786"}],"wp:featuredmedia":[{"embeddable":true,"href":"https:\/\/www.uai.com.br\/uainoticias\/wp-json\/wp\/v2\/media\/93283"}],"wp:attachment":[{"href":"https:\/\/www.uai.com.br\/uainoticias\/wp-json\/wp\/v2\/media?parent=126783"}],"wp:term":[{"taxonomy":"category","embeddable":true,"href":"https:\/\/www.uai.com.br\/uainoticias\/wp-json\/wp\/v2\/categories?post=126783"},{"taxonomy":"post_tag","embeddable":true,"href":"https:\/\/www.uai.com.br\/uainoticias\/wp-json\/wp\/v2\/tags?post=126783"}],"curies":[{"name":"wp","href":"https:\/\/api.w.org\/{rel}","templated":true}]}}