{"id":126517,"date":"2026-04-26T17:20:00","date_gmt":"2026-04-26T20:20:00","guid":{"rendered":"https:\/\/www.uai.com.br\/uainoticias\/?p=126517"},"modified":"2026-04-23T00:34:27","modified_gmt":"2026-04-23T03:34:27","slug":"como-podar-a-pimenteira-para-obter-mais-frutos-fazendo-a-poda-de-beliscao-no-topo-da-planta-jovem","status":"publish","type":"post","link":"https:\/\/www.uai.com.br\/uainoticias\/2026\/04\/26\/como-podar-a-pimenteira-para-obter-mais-frutos-fazendo-a-poda-de-beliscao-no-topo-da-planta-jovem\/","title":{"rendered":"Como podar a pimenteira para obter mais frutos fazendo a &#8220;poda de belisc\u00e3o&#8221; no topo da planta jovem"},"content":{"rendered":"\n<p>A t\u00e9cnica da poda de belisc\u00e3o \u00e9 essencial para transformar pimenteiras altas e magras em arbustos produtivos e cheios de ramifica\u00e7\u00f5es laterais. Esse manejo simples estimula o crescimento e aumenta significativamente a carga de frutos na colheita.<\/p>\n\n\n\n<h2 class=\"wp-block-heading\">O que \u00e9 exatamente a poda de belisc\u00e3o na pimenteira?<\/h2>\n\n\n\n<p>Essa t\u00e9cnica consiste na remo\u00e7\u00e3o manual da gema apical, localizada no topo do caule principal da planta ainda jovem. Ao retirar esse ponto de crescimento, o fluxo de horm\u00f4nios vegetais \u00e9 redirecionado para os n\u00f3s inferiores.<\/p>\n\n\n\n<p>O resultado direto \u00e9 o surgimento de novos galhos laterais que dar\u00e3o \u00e0 pimenteira um aspecto mais robusto e arbustivo. Esse processo \u00e9 fundamental para garantir que a planta suporte o peso de uma colheita farta no <strong>Brasil<\/strong>.<\/p>\n\n\n\n<p>Assista ao v\u00eddeo do canal <strong>Horta Mineira<\/strong>, que conta com <strong>672 mil<\/strong> inscritos. O v\u00eddeo apresenta t\u00e9cnicas detalhadas sobre <strong>como podar a pimenteira<\/strong>, demonstrando como esse manejo \u00e9 essencial para aumentar a produ\u00e7\u00e3o de frutos e prevenir o aparecimento de pragas, garantindo uma planta mais vigorosa:<\/p>\n\n\n\n<figure class=\"wp-block-embed is-type-video is-provider-youtube wp-block-embed-youtube wp-embed-aspect-16-9 wp-has-aspect-ratio\"><div class=\"wp-block-embed__wrapper\">\n<div class=\"jeg_video_container jeg_video_content\"><iframe loading=\"lazy\" title=\"COMO PODAR A PIMENTEIRA\" width=\"500\" height=\"281\" src=\"https:\/\/www.youtube.com\/embed\/yPLOfmq2X9k?feature=oembed\" frameborder=\"0\" allow=\"accelerometer; autoplay; clipboard-write; encrypted-media; gyroscope; picture-in-picture; web-share\" referrerpolicy=\"strict-origin-when-cross-origin\" allowfullscreen><\/iframe><\/div>\n<\/div><\/figure>\n\n\n\n<p>Leia tamb\u00e9m: <strong><a href=\"https:\/\/www.uai.com.br\/uainoticias\/2026\/04\/22\/a-fruta-perfumada-que-marcou-a-infancia-dos-nossos-avos-e-esta-voltando-aos-jardins-porque-atrai-passaros-cantores\/\" target=\"_blank\" rel=\"noreferrer noopener\">A fruta perfumada que marcou a inf\u00e2ncia dos nossos av\u00f3s e est\u00e1 voltando aos jardins porque atrai p\u00e1ssaros cantores &#8211; UAI Not\u00edcias<\/a><\/strong><\/p>\n\n\n\n<h2 class=\"wp-block-heading\">Qual \u00e9 a altura ideal para aplicar a t\u00e9cnica?<\/h2>\n\n\n\n<p>A interven\u00e7\u00e3o t\u00e9cnica deve ocorrer apenas quando a muda apresenta um sistema radicular estabelecido e uma altura m\u00ednima segura para suportar o manejo. O monitoramento rigoroso das condi\u00e7\u00f5es biol\u00f3gicas da esp\u00e9cie garante que a poda de topo n\u00e3o cause um estresse excessivo.<\/p>\n\n\n\n<p>Confira os par\u00e2metros t\u00e9cnicos para identificar o momento exato de realizar o procedimento de belisc\u00e3o em sua horta conforme a <strong>ABNT<\/strong>:<\/p>\n\n\n\n<figure class=\"wp-block-image size-large\"><img decoding=\"async\" width=\"1024\" height=\"498\" src=\"https:\/\/www.uai.com.br\/uainoticias\/wp-content\/uploads\/2026\/04\/Pimenteira-tabela-1024x498.jpg\" alt=\"\" class=\"wp-image-126534\" srcset=\"https:\/\/www.uai.com.br\/uainoticias\/wp-content\/uploads\/2026\/04\/Pimenteira-tabela-1024x498.jpg 1024w, https:\/\/www.uai.com.br\/uainoticias\/wp-content\/uploads\/2026\/04\/Pimenteira-tabela-300x146.jpg 300w, https:\/\/www.uai.com.br\/uainoticias\/wp-content\/uploads\/2026\/04\/Pimenteira-tabela-768x374.jpg 768w, https:\/\/www.uai.com.br\/uainoticias\/wp-content\/uploads\/2026\/04\/Pimenteira-tabela-750x365.jpg 750w, https:\/\/www.uai.com.br\/uainoticias\/wp-content\/uploads\/2026\/04\/Pimenteira-tabela-1140x555.jpg 1140w, https:\/\/www.uai.com.br\/uainoticias\/wp-content\/uploads\/2026\/04\/Pimenteira-tabela.jpg 1280w\" sizes=\"(max-width: 1024px) 100vw, 1024px\" \/><\/figure>\n\n\n\n<h2 class=\"wp-block-heading\">Como realizar o procedimento sem danificar o caule?<\/h2>\n\n\n\n<p>O manuseio exige extrema delicadeza para evitar o esmagamento dos tecidos vasculares que transportam a seiva por todo o organismo vegetal. Utilizar as unhas ou ferramentas higienizadas impede a contamina\u00e7\u00e3o por pat\u00f3genos externos que poderiam prejudicar o desenvolvimento inicial da planta.<\/p>\n\n\n\n<p>Para garantir que a poda seja bem-sucedida e resulte em uma planta mais produtiva, siga estas orienta\u00e7\u00f5es t\u00e9cnicas fundamentais:<\/p>\n\n\n\n<ul class=\"wp-block-list\">\n<li>Identifique o par de folhas mais alto no topo do caule.<\/li>\n\n\n\n<li>Pressione suavemente o broto central at\u00e9 que ele se destaque.<\/li>\n\n\n\n<li>Certifique-se de que o corte seja limpo e sem rebarbas.<\/li>\n\n\n\n<li>Mantenha a planta protegida do sol forte nas horas seguintes.<\/li>\n<\/ul>\n\n\n\n<h2 class=\"wp-block-heading\">Por que essa pr\u00e1tica aumenta a produ\u00e7\u00e3o de pimentas?<\/h2>\n\n\n\n<p>Ao for\u00e7ar a ramifica\u00e7\u00e3o lateral, a planta multiplica os pontos de flora\u00e7\u00e3o que antes ficariam restritos a uma \u00fanica haste central. Cada novo galho desenvolvido ap\u00f3s o belisc\u00e3o possui potencial para carregar m\u00faltiplos frutos simult\u00e2neos.<\/p>\n\n\n\n<p>Al\u00e9m do ganho quantitativo, a poda melhora a circula\u00e7\u00e3o de ar entre as folhas, reduzindo a incid\u00eancia de pragas e doen\u00e7as. A estrutura compacta facilita a colheita e otimiza o uso de nutrientes fornecidos via aduba\u00e7\u00e3o org\u00e2nica.<\/p>\n\n\n\n<figure class=\"wp-block-image size-large\"><img decoding=\"async\" width=\"1024\" height=\"576\" src=\"https:\/\/www.uai.com.br\/uainoticias\/wp-content\/uploads\/2026\/04\/Pimenteira-2-1024x576.jpg\" alt=\"\" class=\"wp-image-126542\" srcset=\"https:\/\/www.uai.com.br\/uainoticias\/wp-content\/uploads\/2026\/04\/Pimenteira-2-1024x576.jpg 1024w, https:\/\/www.uai.com.br\/uainoticias\/wp-content\/uploads\/2026\/04\/Pimenteira-2-300x169.jpg 300w, https:\/\/www.uai.com.br\/uainoticias\/wp-content\/uploads\/2026\/04\/Pimenteira-2-768x432.jpg 768w, https:\/\/www.uai.com.br\/uainoticias\/wp-content\/uploads\/2026\/04\/Pimenteira-2-750x422.jpg 750w, https:\/\/www.uai.com.br\/uainoticias\/wp-content\/uploads\/2026\/04\/Pimenteira-2-1140x641.jpg 1140w, https:\/\/www.uai.com.br\/uainoticias\/wp-content\/uploads\/2026\/04\/Pimenteira-2.jpg 1280w\" sizes=\"(max-width: 1024px) 100vw, 1024px\" \/><figcaption class=\"wp-element-caption\">Utilize a t\u00e9cnica quando a muda atingir 15 cent\u00edmetros, garantindo que o sistema radicular esteja firme para suportar o manejo na resid\u00eancia &#8211; Cr\u00e9ditos: Imagem Ilustrativa<\/figcaption><\/figure>\n\n\n\n<p>Leia tamb\u00e9m: <strong><a href=\"https:\/\/www.uai.com.br\/uainoticias\/2026\/04\/22\/como-eliminar-lesmas-da-horta-a-noite-em-menos-de-um-minuto-truque-caseiro-eficaz-cercando-os-canteiros-com-casca-de-ovo-triturada\/\" target=\"_blank\" rel=\"noreferrer noopener\">Como eliminar lesmas da horta \u00e0 noite em menos de um minuto: truque caseiro eficaz cercando os canteiros com casca de ovo triturada &#8211; UAI Not\u00edcias<\/a><\/strong><\/p>\n\n\n\n<h2 class=\"wp-block-heading\">Quais cuidados s\u00e3o necess\u00e1rios ap\u00f3s a poda de belisc\u00e3o?<\/h2>\n\n\n\n<p>Ap\u00f3s a remo\u00e7\u00e3o da gema, \u00e9 vital fornecer uma rega adequada para manter o turgor das c\u00e9lulas e apoiar a cicatriza\u00e7\u00e3o natural. Evite molhar o local do corte diretamente para prevenir o apodrecimento do topo do caule principal.<\/p>\n\n\n\n<p>O fornecimento de adubo rico em f\u00f3sforo ajuda na forma\u00e7\u00e3o de novas estruturas vegetativas e fortalece as futuras flores. O monitoramento constante permite observar o surgimento vigoroso dos novos ramos laterais nas semanas seguintes.<\/p>\n","protected":false},"excerpt":{"rendered":"<p>A t\u00e9cnica da poda de belisc\u00e3o \u00e9 essencial para transformar pimenteiras altas e magras em arbustos produtivos e cheios de ramifica\u00e7\u00f5es laterais. Esse manejo simples estimula o crescimento e aumenta significativamente a carga de frutos na colheita. O que \u00e9 exatamente a poda de belisc\u00e3o na pimenteira? Essa t\u00e9cnica consiste na remo\u00e7\u00e3o manual da gema [&hellip;]<\/p>\n","protected":false},"author":29,"featured_media":126541,"comment_status":"open","ping_status":"open","sticky":false,"template":"","format":"standard","meta":{"jnews-multi-image_gallery":[],"jnews_single_post":{"format":"standard"},"jnews_primary_category":[],"jnews_social_meta":[],"jnews_override_counter":[],"footnotes":""},"categories":[11599],"tags":[23298,23297],"class_list":["post-126517","post","type-post","status-publish","format-standard","has-post-thumbnail","hentry","category-jardinagem","tag-beliscao","tag-pimenteira"],"yoast_head":"<!-- This site is optimized with the Yoast SEO plugin v26.5 - https:\/\/yoast.com\/wordpress\/plugins\/seo\/ -->\n<title>Como podar a pimenteira para obter mais frutos fazendo a &quot;poda de belisc\u00e3o&quot; no topo da planta jovem - UAI Not\u00edcias<\/title>\n<meta name=\"description\" content=\"Transforme suas pimenteiras em arbustos produtivos usando a poda de belisc\u00e3o, que estimula ramifica\u00e7\u00f5es laterais e farta colheita no lar\" \/>\n<meta name=\"robots\" content=\"index, follow, max-snippet:-1, max-image-preview:large, max-video-preview:-1\" \/>\n<link rel=\"canonical\" href=\"https:\/\/www.uai.com.br\/uainoticias\/2026\/04\/26\/como-podar-a-pimenteira-para-obter-mais-frutos-fazendo-a-poda-de-beliscao-no-topo-da-planta-jovem\/\" \/>\n<meta property=\"og:locale\" content=\"pt_BR\" \/>\n<meta property=\"og:type\" content=\"article\" \/>\n<meta property=\"og:title\" content=\"Como podar a pimenteira para obter mais frutos fazendo a &quot;poda de belisc\u00e3o&quot; no topo da planta jovem - UAI Not\u00edcias\" \/>\n<meta property=\"og:description\" content=\"Transforme suas pimenteiras em arbustos produtivos usando a poda de belisc\u00e3o, que estimula ramifica\u00e7\u00f5es laterais e farta colheita no lar\" \/>\n<meta property=\"og:url\" content=\"https:\/\/www.uai.com.br\/uainoticias\/2026\/04\/26\/como-podar-a-pimenteira-para-obter-mais-frutos-fazendo-a-poda-de-beliscao-no-topo-da-planta-jovem\/\" \/>\n<meta property=\"og:site_name\" content=\"UAI Not\u00edcias\" \/>\n<meta property=\"article:published_time\" content=\"2026-04-26T20:20:00+00:00\" \/>\n<meta property=\"og:image\" content=\"https:\/\/www.uai.com.br\/uainoticias\/wp-content\/uploads\/2026\/04\/Pimenteira-1.jpg\" \/>\n\t<meta property=\"og:image:width\" content=\"1280\" \/>\n\t<meta property=\"og:image:height\" content=\"720\" \/>\n\t<meta property=\"og:image:type\" content=\"image\/jpeg\" \/>\n<meta name=\"author\" content=\"Leonardo Nunes\" \/>\n<meta name=\"twitter:card\" content=\"summary_large_image\" \/>\n<meta name=\"twitter:label1\" content=\"Escrito por\" \/>\n\t<meta name=\"twitter:data1\" content=\"Leonardo Nunes\" \/>\n\t<meta name=\"twitter:label2\" content=\"Est. tempo de leitura\" \/>\n\t<meta name=\"twitter:data2\" content=\"4 minutos\" \/>\n<!-- \/ Yoast SEO plugin. -->","yoast_head_json":{"title":"Como podar a pimenteira para obter mais frutos fazendo a \"poda de belisc\u00e3o\" no topo da planta jovem - UAI Not\u00edcias","description":"Transforme suas pimenteiras em arbustos produtivos usando a poda de belisc\u00e3o, que estimula ramifica\u00e7\u00f5es laterais e farta colheita no lar","robots":{"index":"index","follow":"follow","max-snippet":"max-snippet:-1","max-image-preview":"max-image-preview:large","max-video-preview":"max-video-preview:-1"},"canonical":"https:\/\/www.uai.com.br\/uainoticias\/2026\/04\/26\/como-podar-a-pimenteira-para-obter-mais-frutos-fazendo-a-poda-de-beliscao-no-topo-da-planta-jovem\/","og_locale":"pt_BR","og_type":"article","og_title":"Como podar a pimenteira para obter mais frutos fazendo a \"poda de belisc\u00e3o\" no topo da planta jovem - UAI Not\u00edcias","og_description":"Transforme suas pimenteiras em arbustos produtivos usando a poda de belisc\u00e3o, que estimula ramifica\u00e7\u00f5es laterais e farta colheita no lar","og_url":"https:\/\/www.uai.com.br\/uainoticias\/2026\/04\/26\/como-podar-a-pimenteira-para-obter-mais-frutos-fazendo-a-poda-de-beliscao-no-topo-da-planta-jovem\/","og_site_name":"UAI Not\u00edcias","article_published_time":"2026-04-26T20:20:00+00:00","og_image":[{"width":1280,"height":720,"url":"https:\/\/www.uai.com.br\/uainoticias\/wp-content\/uploads\/2026\/04\/Pimenteira-1.jpg","type":"image\/jpeg"}],"author":"Leonardo Nunes","twitter_card":"summary_large_image","twitter_misc":{"Escrito por":"Leonardo Nunes","Est. tempo de leitura":"4 minutos"},"schema":{"@context":"https:\/\/schema.org","@graph":[{"@type":"WebPage","@id":"https:\/\/www.uai.com.br\/uainoticias\/2026\/04\/26\/como-podar-a-pimenteira-para-obter-mais-frutos-fazendo-a-poda-de-beliscao-no-topo-da-planta-jovem\/","url":"https:\/\/www.uai.com.br\/uainoticias\/2026\/04\/26\/como-podar-a-pimenteira-para-obter-mais-frutos-fazendo-a-poda-de-beliscao-no-topo-da-planta-jovem\/","name":"Como podar a pimenteira para obter mais frutos fazendo a \"poda de belisc\u00e3o\" no topo da planta jovem - UAI Not\u00edcias","isPartOf":{"@id":"https:\/\/www.uai.com.br\/uainoticias\/#website"},"primaryImageOfPage":{"@id":"https:\/\/www.uai.com.br\/uainoticias\/2026\/04\/26\/como-podar-a-pimenteira-para-obter-mais-frutos-fazendo-a-poda-de-beliscao-no-topo-da-planta-jovem\/#primaryimage"},"image":{"@id":"https:\/\/www.uai.com.br\/uainoticias\/2026\/04\/26\/como-podar-a-pimenteira-para-obter-mais-frutos-fazendo-a-poda-de-beliscao-no-topo-da-planta-jovem\/#primaryimage"},"thumbnailUrl":"https:\/\/www.uai.com.br\/uainoticias\/wp-content\/uploads\/2026\/04\/Pimenteira-1.jpg","datePublished":"2026-04-26T20:20:00+00:00","author":{"@id":"https:\/\/www.uai.com.br\/uainoticias\/#\/schema\/person\/f57cbcb79cae89ff53b4e2a7511676fb"},"description":"Transforme suas pimenteiras em arbustos produtivos usando a poda de belisc\u00e3o, que estimula ramifica\u00e7\u00f5es laterais e farta colheita no lar","breadcrumb":{"@id":"https:\/\/www.uai.com.br\/uainoticias\/2026\/04\/26\/como-podar-a-pimenteira-para-obter-mais-frutos-fazendo-a-poda-de-beliscao-no-topo-da-planta-jovem\/#breadcrumb"},"inLanguage":"pt-BR","potentialAction":[{"@type":"ReadAction","target":["https:\/\/www.uai.com.br\/uainoticias\/2026\/04\/26\/como-podar-a-pimenteira-para-obter-mais-frutos-fazendo-a-poda-de-beliscao-no-topo-da-planta-jovem\/"]}]},{"@type":"ImageObject","inLanguage":"pt-BR","@id":"https:\/\/www.uai.com.br\/uainoticias\/2026\/04\/26\/como-podar-a-pimenteira-para-obter-mais-frutos-fazendo-a-poda-de-beliscao-no-topo-da-planta-jovem\/#primaryimage","url":"https:\/\/www.uai.com.br\/uainoticias\/wp-content\/uploads\/2026\/04\/Pimenteira-1.jpg","contentUrl":"https:\/\/www.uai.com.br\/uainoticias\/wp-content\/uploads\/2026\/04\/Pimenteira-1.jpg","width":1280,"height":720,"caption":"Entenda como a remo\u00e7\u00e3o da gema apical redireciona os horm\u00f4nios vegetais, criando uma estrutura robusta capaz de suportar o peso dos frutos - Cr\u00e9ditos: Imagem Ilustrativa"},{"@type":"BreadcrumbList","@id":"https:\/\/www.uai.com.br\/uainoticias\/2026\/04\/26\/como-podar-a-pimenteira-para-obter-mais-frutos-fazendo-a-poda-de-beliscao-no-topo-da-planta-jovem\/#breadcrumb","itemListElement":[{"@type":"ListItem","position":1,"name":"In\u00edcio","item":"https:\/\/www.uai.com.br\/uainoticias\/"},{"@type":"ListItem","position":2,"name":"Como podar a pimenteira para obter mais frutos fazendo a &#8220;poda de belisc\u00e3o&#8221; no topo da planta jovem"}]},{"@type":"WebSite","@id":"https:\/\/www.uai.com.br\/uainoticias\/#website","url":"https:\/\/www.uai.com.br\/uainoticias\/","name":"UAI Not\u00edcias","description":"Acompanhe as \u00faltimas not\u00edcias e fique bem informado sobre tudo o que acontece no Brasil e no mundo.","potentialAction":[{"@type":"SearchAction","target":{"@type":"EntryPoint","urlTemplate":"https:\/\/www.uai.com.br\/uainoticias\/?s={search_term_string}"},"query-input":{"@type":"PropertyValueSpecification","valueRequired":true,"valueName":"search_term_string"}}],"inLanguage":"pt-BR"},{"@type":"Person","@id":"https:\/\/www.uai.com.br\/uainoticias\/#\/schema\/person\/f57cbcb79cae89ff53b4e2a7511676fb","name":"Leonardo Nunes","image":{"@type":"ImageObject","inLanguage":"pt-BR","@id":"https:\/\/www.uai.com.br\/uainoticias\/#\/schema\/person\/image\/","url":"https:\/\/secure.gravatar.com\/avatar\/bcbad95ea1da2f5458464789977fbb5ca8a5da4f7f82d946c83505ef5f769a9c?s=96&d=mm&r=g","contentUrl":"https:\/\/secure.gravatar.com\/avatar\/bcbad95ea1da2f5458464789977fbb5ca8a5da4f7f82d946c83505ef5f769a9c?s=96&d=mm&r=g","caption":"Leonardo Nunes"},"sameAs":["https:\/\/www.uai.com.br\/uainoticias\/"],"url":"https:\/\/www.uai.com.br\/uainoticias\/author\/leonardo-nunes\/"}]}},"_links":{"self":[{"href":"https:\/\/www.uai.com.br\/uainoticias\/wp-json\/wp\/v2\/posts\/126517","targetHints":{"allow":["GET"]}}],"collection":[{"href":"https:\/\/www.uai.com.br\/uainoticias\/wp-json\/wp\/v2\/posts"}],"about":[{"href":"https:\/\/www.uai.com.br\/uainoticias\/wp-json\/wp\/v2\/types\/post"}],"author":[{"embeddable":true,"href":"https:\/\/www.uai.com.br\/uainoticias\/wp-json\/wp\/v2\/users\/29"}],"replies":[{"embeddable":true,"href":"https:\/\/www.uai.com.br\/uainoticias\/wp-json\/wp\/v2\/comments?post=126517"}],"version-history":[{"count":2,"href":"https:\/\/www.uai.com.br\/uainoticias\/wp-json\/wp\/v2\/posts\/126517\/revisions"}],"predecessor-version":[{"id":126545,"href":"https:\/\/www.uai.com.br\/uainoticias\/wp-json\/wp\/v2\/posts\/126517\/revisions\/126545"}],"wp:featuredmedia":[{"embeddable":true,"href":"https:\/\/www.uai.com.br\/uainoticias\/wp-json\/wp\/v2\/media\/126541"}],"wp:attachment":[{"href":"https:\/\/www.uai.com.br\/uainoticias\/wp-json\/wp\/v2\/media?parent=126517"}],"wp:term":[{"taxonomy":"category","embeddable":true,"href":"https:\/\/www.uai.com.br\/uainoticias\/wp-json\/wp\/v2\/categories?post=126517"},{"taxonomy":"post_tag","embeddable":true,"href":"https:\/\/www.uai.com.br\/uainoticias\/wp-json\/wp\/v2\/tags?post=126517"}],"curies":[{"name":"wp","href":"https:\/\/api.w.org\/{rel}","templated":true}]}}