{"id":126486,"date":"2026-04-26T11:20:00","date_gmt":"2026-04-26T14:20:00","guid":{"rendered":"https:\/\/www.uai.com.br\/uainoticias\/?p=126486"},"modified":"2026-04-22T23:52:16","modified_gmt":"2026-04-23T02:52:16","slug":"a-arvore-exotica-que-virou-a-favorita-no-paisagismo-por-suas-flores-felpudas-que-nao-caem-facilmente-com-o-vento-forte","status":"publish","type":"post","link":"https:\/\/www.uai.com.br\/uainoticias\/2026\/04\/26\/a-arvore-exotica-que-virou-a-favorita-no-paisagismo-por-suas-flores-felpudas-que-nao-caem-facilmente-com-o-vento-forte\/","title":{"rendered":"A \u00e1rvore ex\u00f3tica que virou a favorita no paisagismo por suas flores felpudas que n\u00e3o caem facilmente com o vento forte"},"content":{"rendered":"\n<p>A <strong>Callistemon<\/strong> \u00e9 uma esp\u00e9cie de origem australiana que conquistou os jardins do <strong>Brasil<\/strong> devido \u00e0 sua resist\u00eancia e est\u00e9tica singular. Suas infloresc\u00eancias em tons de vermelho vibrante lembram utens\u00edlios dom\u00e9sticos e suportam condi\u00e7\u00f5es clim\u00e1ticas adversas.<\/p>\n\n\n\n<h2 class=\"wp-block-heading\">Por que a escova-de-garrafa \u00e9 ideal para \u00e1reas com ventos fortes?<\/h2>\n\n\n\n<p>A estrutura flex\u00edvel dos galhos permite que a \u00e1rvore se curve sem sofrer rupturas traum\u00e1ticas durante tempestades ou rajadas intensas. Essa resili\u00eancia mec\u00e2nica preserva a integridade da copa e evita a queda prematura das flores ornamentais.<\/p>\n\n\n\n<p>As cerdas das flores s\u00e3o fixadas de forma robusta na haste central, o que impede que o vento as disperse facilmente pelo gramado. Essa caracter\u00edstica t\u00e9cnica garante que o impacto visual do paisagismo permane\u00e7a intacto por longos per\u00edodos.<\/p>\n\n\n\n<p>Assista ao v\u00eddeo do canal <strong>Walking Talking Gardeners<\/strong>, que conta com <strong>23 mil<\/strong> inscritos. O v\u00eddeo identifica os 5 erros mais comuns ao cultivar a planta <strong>Escova-de-Garrafa<\/strong> (<em><strong>Callistemon<\/strong><\/em>), oferecendo orienta\u00e7\u00f5es pr\u00e1ticas para evitar falhas no manejo e garantir que a esp\u00e9cie cres\u00e7a saud\u00e1vel e com flora\u00e7\u00e3o vibrante, coloque a faixa de \u00e1udio em PT\/BR para uma melhor experi\u00eancia:<\/p>\n\n\n\n<figure class=\"wp-block-embed is-type-video is-provider-youtube wp-block-embed-youtube wp-embed-aspect-16-9 wp-has-aspect-ratio\"><div class=\"wp-block-embed__wrapper\">\n<div class=\"jeg_video_container jeg_video_content\"><iframe loading=\"lazy\" title=\"Five Mistakes to Avoid Growing the Bottlebrush Plant -  Callistemon\" width=\"500\" height=\"281\" src=\"https:\/\/www.youtube.com\/embed\/hkfQFNiqUTM?feature=oembed\" frameborder=\"0\" allow=\"accelerometer; autoplay; clipboard-write; encrypted-media; gyroscope; picture-in-picture; web-share\" referrerpolicy=\"strict-origin-when-cross-origin\" allowfullscreen><\/iframe><\/div>\n<\/div><\/figure>\n\n\n\n<h2 class=\"wp-block-heading\">Quais s\u00e3o as principais especifica\u00e7\u00f5es t\u00e9cnicas do Callistemon?<\/h2>\n\n\n\n<p>O desenvolvimento saud\u00e1vel desta \u00e1rvore exige exposi\u00e7\u00e3o direta ao sol para que a produ\u00e7\u00e3o de pigmentos nas flores seja maximizada de forma natural. O solo deve apresentar excelente drenagem para evitar o apodrecimento das ra\u00edzes em \u00e9pocas de chuva intensa no <strong>Brasil<\/strong>.<\/p>\n\n\n\n<p>Veja os dados estruturados sobre o crescimento e as exig\u00eancias desta esp\u00e9cie arbustiva de acordo com os par\u00e2metros t\u00e9cnicos estabelecidos pela <strong>ABNT<\/strong>:<\/p>\n\n\n\n<figure class=\"wp-block-image size-large\"><img decoding=\"async\" width=\"1024\" height=\"498\" src=\"https:\/\/www.uai.com.br\/uainoticias\/wp-content\/uploads\/2026\/04\/Callistemon-tabela-1-1024x498.jpg\" alt=\"\" class=\"wp-image-126514\" srcset=\"https:\/\/www.uai.com.br\/uainoticias\/wp-content\/uploads\/2026\/04\/Callistemon-tabela-1-1024x498.jpg 1024w, https:\/\/www.uai.com.br\/uainoticias\/wp-content\/uploads\/2026\/04\/Callistemon-tabela-1-300x146.jpg 300w, https:\/\/www.uai.com.br\/uainoticias\/wp-content\/uploads\/2026\/04\/Callistemon-tabela-1-768x374.jpg 768w, https:\/\/www.uai.com.br\/uainoticias\/wp-content\/uploads\/2026\/04\/Callistemon-tabela-1-750x365.jpg 750w, https:\/\/www.uai.com.br\/uainoticias\/wp-content\/uploads\/2026\/04\/Callistemon-tabela-1-1140x555.jpg 1140w, https:\/\/www.uai.com.br\/uainoticias\/wp-content\/uploads\/2026\/04\/Callistemon-tabela-1.jpg 1280w\" sizes=\"(max-width: 1024px) 100vw, 1024px\" \/><\/figure>\n\n\n\n<p>Leia tamb\u00e9m: <strong><a href=\"https:\/\/www.uai.com.br\/uainoticias\/2026\/04\/22\/a-fruta-perfumada-que-marcou-a-infancia-dos-nossos-avos-e-esta-voltando-aos-jardins-porque-atrai-passaros-cantores\/\" target=\"_blank\" rel=\"noreferrer noopener\">A fruta perfumada que marcou a inf\u00e2ncia dos nossos av\u00f3s e est\u00e1 voltando aos jardins porque atrai p\u00e1ssaros cantores &#8211; UAI Not\u00edcias<\/a><\/strong><\/p>\n\n\n\n<h2 class=\"wp-block-heading\">Como a escova-de-garrafa contribui para a biodiversidade urbana?<\/h2>\n\n\n\n<p>A presen\u00e7a desta \u00e1rvore em cal\u00e7adas e parques atrai uma grande variedade de aves e insetos polinizadores que buscam o n\u00e9ctar abundante. Essa intera\u00e7\u00e3o biol\u00f3gica fortalece o ecossistema local e promove a manuten\u00e7\u00e3o da fauna nativa em \u00e1reas densamente constru\u00eddas no <strong>Brasil<\/strong>.<\/p>\n\n\n\n<p>Conhe\u00e7a as principais vantagens ecol\u00f3gicas de cultivar esta esp\u00e9cie ex\u00f3tica em seu projeto residencial focado em sustentabilidade ambiental:<\/p>\n\n\n\n<ul class=\"wp-block-list\">\n<li>Atra\u00e7\u00e3o frequente de beija-flores devido ao formato tubular das flores.<\/li>\n\n\n\n<li>Fornecimento de alimento para abelhas polinizadoras durante todo o ano.<\/li>\n\n\n\n<li>Cria\u00e7\u00e3o de microclimas frescos que reduzem o calor em fachadas urbanas.<\/li>\n\n\n\n<li>Baixa necessidade de defensivos qu\u00edmicos por ser uma planta resistente.<\/li>\n<\/ul>\n\n\n\n<p>Leia tamb\u00e9m: <strong><a href=\"https:\/\/www.uai.com.br\/uainoticias\/2026\/04\/22\/como-eliminar-lesmas-da-horta-a-noite-em-menos-de-um-minuto-truque-caseiro-eficaz-cercando-os-canteiros-com-casca-de-ovo-triturada\/\" target=\"_blank\" rel=\"noreferrer noopener\">Como eliminar lesmas da horta \u00e0 noite em menos de um minuto: truque caseiro eficaz cercando os canteiros com casca de ovo triturada &#8211; UAI Not\u00edcias<\/a><\/strong><\/p>\n\n\n\n<h2 class=\"wp-block-heading\">Qual \u00e9 a frequ\u00eancia de poda recomendada para esta esp\u00e9cie?<\/h2>\n\n\n\n<p>Realizar cortes de manuten\u00e7\u00e3o logo ap\u00f3s o ciclo de flora\u00e7\u00e3o ajuda a manter o porte controlado e estimula o surgimento de novos brotos. A remo\u00e7\u00e3o de galhos secos melhora a ventila\u00e7\u00e3o interna e previne o aparecimento de pragas indesejadas.<\/p>\n\n\n\n<p>O uso de ferramentas higienizadas conforme as normas da <strong>ABNT<\/strong> impede a transmiss\u00e3o de doen\u00e7as vasculares entre as plantas do jardim. Manter a arquitetura da \u00e1rvore equilibrada valoriza o im\u00f3vel e facilita o tr\u00e2nsito de pedestres.<\/p>\n\n\n\n<figure class=\"wp-block-image size-large\"><img decoding=\"async\" width=\"1024\" height=\"576\" src=\"https:\/\/www.uai.com.br\/uainoticias\/wp-content\/uploads\/2026\/04\/Callistemon-2-1024x576.jpg\" alt=\"\" class=\"wp-image-126524\" srcset=\"https:\/\/www.uai.com.br\/uainoticias\/wp-content\/uploads\/2026\/04\/Callistemon-2-1024x576.jpg 1024w, https:\/\/www.uai.com.br\/uainoticias\/wp-content\/uploads\/2026\/04\/Callistemon-2-300x169.jpg 300w, https:\/\/www.uai.com.br\/uainoticias\/wp-content\/uploads\/2026\/04\/Callistemon-2-768x432.jpg 768w, https:\/\/www.uai.com.br\/uainoticias\/wp-content\/uploads\/2026\/04\/Callistemon-2-750x422.jpg 750w, https:\/\/www.uai.com.br\/uainoticias\/wp-content\/uploads\/2026\/04\/Callistemon-2-1140x641.jpg 1140w, https:\/\/www.uai.com.br\/uainoticias\/wp-content\/uploads\/2026\/04\/Callistemon-2.jpg 1280w\" sizes=\"(max-width: 1024px) 100vw, 1024px\" \/><figcaption class=\"wp-element-caption\">Aprenda a realizar podas de manuten\u00e7\u00e3o ap\u00f3s a florada, estimulando novos brotos e garantindo a ventila\u00e7\u00e3o interna da \u00e1rvore no Brasil &#8211; Cr\u00e9ditos: Imagem Ilustrativa<\/figcaption><\/figure>\n\n\n\n<h2 class=\"wp-block-heading\">Como realizar a aduba\u00e7\u00e3o para garantir cores mais vibrantes?<\/h2>\n\n\n\n<p>O fornecimento de nutrientes ricos em f\u00f3sforo durante a fase de pr\u00e9-flora\u00e7\u00e3o potencializa o brilho e a satura\u00e7\u00e3o do vermelho nas cerdas. Essa pr\u00e1tica agr\u00edcola garante que o <strong>Callistemon<\/strong> apresente um visual exuberante e saud\u00e1vel em qualquer esta\u00e7\u00e3o.<\/p>\n\n\n\n<p>Adubar o solo com mat\u00e9ria org\u00e2nica curtida melhora a reten\u00e7\u00e3o de umidade sem causar o encharcamento prejudicial \u00e0s ra\u00edzes profundas. O cuidado constante com a nutri\u00e7\u00e3o reflete-se na durabilidade das flores e no vigor global da planta.<\/p>\n","protected":false},"excerpt":{"rendered":"<p>A Callistemon \u00e9 uma esp\u00e9cie de origem australiana que conquistou os jardins do Brasil devido \u00e0 sua resist\u00eancia e est\u00e9tica singular. Suas infloresc\u00eancias em tons de vermelho vibrante lembram utens\u00edlios dom\u00e9sticos e suportam condi\u00e7\u00f5es clim\u00e1ticas adversas. Por que a escova-de-garrafa \u00e9 ideal para \u00e1reas com ventos fortes? A estrutura flex\u00edvel dos galhos permite que a [&hellip;]<\/p>\n","protected":false},"author":29,"featured_media":126523,"comment_status":"open","ping_status":"open","sticky":false,"template":"","format":"standard","meta":{"jnews-multi-image_gallery":[],"jnews_single_post":{"format":"standard"},"jnews_primary_category":[],"jnews_social_meta":[],"jnews_override_counter":[],"footnotes":""},"categories":[11599],"tags":[23294,23293,5418],"class_list":["post-126486","post","type-post","status-publish","format-standard","has-post-thumbnail","hentry","category-jardinagem","tag-arvore-exotica","tag-callistemon","tag-paisagismo"],"yoast_head":"<!-- This site is optimized with the Yoast SEO plugin v26.5 - https:\/\/yoast.com\/wordpress\/plugins\/seo\/ -->\n<title>A \u00e1rvore ex\u00f3tica que virou a favorita no paisagismo por suas flores felpudas que n\u00e3o caem facilmente com o vento forte - UAI Not\u00edcias<\/title>\n<meta name=\"description\" content=\"Utilize a exposi\u00e7\u00e3o direta ao sol para maximizar a cor das flores, mantendo o solo bem drenado para proteger as ra\u00edzes na sua casa\" \/>\n<meta name=\"robots\" content=\"index, follow, max-snippet:-1, max-image-preview:large, max-video-preview:-1\" \/>\n<link rel=\"canonical\" href=\"https:\/\/www.uai.com.br\/uainoticias\/2026\/04\/26\/a-arvore-exotica-que-virou-a-favorita-no-paisagismo-por-suas-flores-felpudas-que-nao-caem-facilmente-com-o-vento-forte\/\" \/>\n<meta property=\"og:locale\" content=\"pt_BR\" \/>\n<meta property=\"og:type\" content=\"article\" \/>\n<meta property=\"og:title\" content=\"A \u00e1rvore ex\u00f3tica que virou a favorita no paisagismo por suas flores felpudas que n\u00e3o caem facilmente com o vento forte - UAI Not\u00edcias\" \/>\n<meta property=\"og:description\" content=\"Utilize a exposi\u00e7\u00e3o direta ao sol para maximizar a cor das flores, mantendo o solo bem drenado para proteger as ra\u00edzes na sua casa\" \/>\n<meta property=\"og:url\" content=\"https:\/\/www.uai.com.br\/uainoticias\/2026\/04\/26\/a-arvore-exotica-que-virou-a-favorita-no-paisagismo-por-suas-flores-felpudas-que-nao-caem-facilmente-com-o-vento-forte\/\" \/>\n<meta property=\"og:site_name\" content=\"UAI Not\u00edcias\" \/>\n<meta property=\"article:published_time\" content=\"2026-04-26T14:20:00+00:00\" \/>\n<meta property=\"og:image\" content=\"https:\/\/www.uai.com.br\/uainoticias\/wp-content\/uploads\/2026\/04\/Callistemon-1.jpg\" \/>\n\t<meta property=\"og:image:width\" content=\"1280\" \/>\n\t<meta property=\"og:image:height\" content=\"720\" \/>\n\t<meta property=\"og:image:type\" content=\"image\/jpeg\" \/>\n<meta name=\"author\" content=\"Leonardo Nunes\" \/>\n<meta name=\"twitter:card\" content=\"summary_large_image\" \/>\n<meta name=\"twitter:label1\" content=\"Escrito por\" \/>\n\t<meta name=\"twitter:data1\" content=\"Leonardo Nunes\" \/>\n\t<meta name=\"twitter:label2\" content=\"Est. tempo de leitura\" \/>\n\t<meta name=\"twitter:data2\" content=\"4 minutos\" \/>\n<!-- \/ Yoast SEO plugin. -->","yoast_head_json":{"title":"A \u00e1rvore ex\u00f3tica que virou a favorita no paisagismo por suas flores felpudas que n\u00e3o caem facilmente com o vento forte - UAI Not\u00edcias","description":"Utilize a exposi\u00e7\u00e3o direta ao sol para maximizar a cor das flores, mantendo o solo bem drenado para proteger as ra\u00edzes na sua casa","robots":{"index":"index","follow":"follow","max-snippet":"max-snippet:-1","max-image-preview":"max-image-preview:large","max-video-preview":"max-video-preview:-1"},"canonical":"https:\/\/www.uai.com.br\/uainoticias\/2026\/04\/26\/a-arvore-exotica-que-virou-a-favorita-no-paisagismo-por-suas-flores-felpudas-que-nao-caem-facilmente-com-o-vento-forte\/","og_locale":"pt_BR","og_type":"article","og_title":"A \u00e1rvore ex\u00f3tica que virou a favorita no paisagismo por suas flores felpudas que n\u00e3o caem facilmente com o vento forte - UAI Not\u00edcias","og_description":"Utilize a exposi\u00e7\u00e3o direta ao sol para maximizar a cor das flores, mantendo o solo bem drenado para proteger as ra\u00edzes na sua casa","og_url":"https:\/\/www.uai.com.br\/uainoticias\/2026\/04\/26\/a-arvore-exotica-que-virou-a-favorita-no-paisagismo-por-suas-flores-felpudas-que-nao-caem-facilmente-com-o-vento-forte\/","og_site_name":"UAI Not\u00edcias","article_published_time":"2026-04-26T14:20:00+00:00","og_image":[{"width":1280,"height":720,"url":"https:\/\/www.uai.com.br\/uainoticias\/wp-content\/uploads\/2026\/04\/Callistemon-1.jpg","type":"image\/jpeg"}],"author":"Leonardo Nunes","twitter_card":"summary_large_image","twitter_misc":{"Escrito por":"Leonardo Nunes","Est. tempo de leitura":"4 minutos"},"schema":{"@context":"https:\/\/schema.org","@graph":[{"@type":"WebPage","@id":"https:\/\/www.uai.com.br\/uainoticias\/2026\/04\/26\/a-arvore-exotica-que-virou-a-favorita-no-paisagismo-por-suas-flores-felpudas-que-nao-caem-facilmente-com-o-vento-forte\/","url":"https:\/\/www.uai.com.br\/uainoticias\/2026\/04\/26\/a-arvore-exotica-que-virou-a-favorita-no-paisagismo-por-suas-flores-felpudas-que-nao-caem-facilmente-com-o-vento-forte\/","name":"A \u00e1rvore ex\u00f3tica que virou a favorita no paisagismo por suas flores felpudas que n\u00e3o caem facilmente com o vento forte - UAI Not\u00edcias","isPartOf":{"@id":"https:\/\/www.uai.com.br\/uainoticias\/#website"},"primaryImageOfPage":{"@id":"https:\/\/www.uai.com.br\/uainoticias\/2026\/04\/26\/a-arvore-exotica-que-virou-a-favorita-no-paisagismo-por-suas-flores-felpudas-que-nao-caem-facilmente-com-o-vento-forte\/#primaryimage"},"image":{"@id":"https:\/\/www.uai.com.br\/uainoticias\/2026\/04\/26\/a-arvore-exotica-que-virou-a-favorita-no-paisagismo-por-suas-flores-felpudas-que-nao-caem-facilmente-com-o-vento-forte\/#primaryimage"},"thumbnailUrl":"https:\/\/www.uai.com.br\/uainoticias\/wp-content\/uploads\/2026\/04\/Callistemon-1.jpg","datePublished":"2026-04-26T14:20:00+00:00","author":{"@id":"https:\/\/www.uai.com.br\/uainoticias\/#\/schema\/person\/f57cbcb79cae89ff53b4e2a7511676fb"},"description":"Utilize a exposi\u00e7\u00e3o direta ao sol para maximizar a cor das flores, mantendo o solo bem drenado para proteger as ra\u00edzes na sua casa","breadcrumb":{"@id":"https:\/\/www.uai.com.br\/uainoticias\/2026\/04\/26\/a-arvore-exotica-que-virou-a-favorita-no-paisagismo-por-suas-flores-felpudas-que-nao-caem-facilmente-com-o-vento-forte\/#breadcrumb"},"inLanguage":"pt-BR","potentialAction":[{"@type":"ReadAction","target":["https:\/\/www.uai.com.br\/uainoticias\/2026\/04\/26\/a-arvore-exotica-que-virou-a-favorita-no-paisagismo-por-suas-flores-felpudas-que-nao-caem-facilmente-com-o-vento-forte\/"]}]},{"@type":"ImageObject","inLanguage":"pt-BR","@id":"https:\/\/www.uai.com.br\/uainoticias\/2026\/04\/26\/a-arvore-exotica-que-virou-a-favorita-no-paisagismo-por-suas-flores-felpudas-que-nao-caem-facilmente-com-o-vento-forte\/#primaryimage","url":"https:\/\/www.uai.com.br\/uainoticias\/wp-content\/uploads\/2026\/04\/Callistemon-1.jpg","contentUrl":"https:\/\/www.uai.com.br\/uainoticias\/wp-content\/uploads\/2026\/04\/Callistemon-1.jpg","width":1280,"height":720,"caption":"Entenda como a flexibilidade dos galhos suporta ventos fortes sem sofrer rupturas, preservando a est\u00e9tica do paisagismo no seu lar - Cr\u00e9ditos: Imagem Ilustrativa"},{"@type":"BreadcrumbList","@id":"https:\/\/www.uai.com.br\/uainoticias\/2026\/04\/26\/a-arvore-exotica-que-virou-a-favorita-no-paisagismo-por-suas-flores-felpudas-que-nao-caem-facilmente-com-o-vento-forte\/#breadcrumb","itemListElement":[{"@type":"ListItem","position":1,"name":"In\u00edcio","item":"https:\/\/www.uai.com.br\/uainoticias\/"},{"@type":"ListItem","position":2,"name":"A \u00e1rvore ex\u00f3tica que virou a favorita no paisagismo por suas flores felpudas que n\u00e3o caem facilmente com o vento forte"}]},{"@type":"WebSite","@id":"https:\/\/www.uai.com.br\/uainoticias\/#website","url":"https:\/\/www.uai.com.br\/uainoticias\/","name":"UAI Not\u00edcias","description":"Acompanhe as \u00faltimas not\u00edcias e fique bem informado sobre tudo o que acontece no Brasil e no mundo.","potentialAction":[{"@type":"SearchAction","target":{"@type":"EntryPoint","urlTemplate":"https:\/\/www.uai.com.br\/uainoticias\/?s={search_term_string}"},"query-input":{"@type":"PropertyValueSpecification","valueRequired":true,"valueName":"search_term_string"}}],"inLanguage":"pt-BR"},{"@type":"Person","@id":"https:\/\/www.uai.com.br\/uainoticias\/#\/schema\/person\/f57cbcb79cae89ff53b4e2a7511676fb","name":"Leonardo Nunes","image":{"@type":"ImageObject","inLanguage":"pt-BR","@id":"https:\/\/www.uai.com.br\/uainoticias\/#\/schema\/person\/image\/","url":"https:\/\/secure.gravatar.com\/avatar\/bcbad95ea1da2f5458464789977fbb5ca8a5da4f7f82d946c83505ef5f769a9c?s=96&d=mm&r=g","contentUrl":"https:\/\/secure.gravatar.com\/avatar\/bcbad95ea1da2f5458464789977fbb5ca8a5da4f7f82d946c83505ef5f769a9c?s=96&d=mm&r=g","caption":"Leonardo Nunes"},"sameAs":["https:\/\/www.uai.com.br\/uainoticias\/"],"url":"https:\/\/www.uai.com.br\/uainoticias\/author\/leonardo-nunes\/"}]}},"_links":{"self":[{"href":"https:\/\/www.uai.com.br\/uainoticias\/wp-json\/wp\/v2\/posts\/126486","targetHints":{"allow":["GET"]}}],"collection":[{"href":"https:\/\/www.uai.com.br\/uainoticias\/wp-json\/wp\/v2\/posts"}],"about":[{"href":"https:\/\/www.uai.com.br\/uainoticias\/wp-json\/wp\/v2\/types\/post"}],"author":[{"embeddable":true,"href":"https:\/\/www.uai.com.br\/uainoticias\/wp-json\/wp\/v2\/users\/29"}],"replies":[{"embeddable":true,"href":"https:\/\/www.uai.com.br\/uainoticias\/wp-json\/wp\/v2\/comments?post=126486"}],"version-history":[{"count":2,"href":"https:\/\/www.uai.com.br\/uainoticias\/wp-json\/wp\/v2\/posts\/126486\/revisions"}],"predecessor-version":[{"id":126531,"href":"https:\/\/www.uai.com.br\/uainoticias\/wp-json\/wp\/v2\/posts\/126486\/revisions\/126531"}],"wp:featuredmedia":[{"embeddable":true,"href":"https:\/\/www.uai.com.br\/uainoticias\/wp-json\/wp\/v2\/media\/126523"}],"wp:attachment":[{"href":"https:\/\/www.uai.com.br\/uainoticias\/wp-json\/wp\/v2\/media?parent=126486"}],"wp:term":[{"taxonomy":"category","embeddable":true,"href":"https:\/\/www.uai.com.br\/uainoticias\/wp-json\/wp\/v2\/categories?post=126486"},{"taxonomy":"post_tag","embeddable":true,"href":"https:\/\/www.uai.com.br\/uainoticias\/wp-json\/wp\/v2\/tags?post=126486"}],"curies":[{"name":"wp","href":"https:\/\/api.w.org\/{rel}","templated":true}]}}