{"id":126485,"date":"2026-04-26T13:20:00","date_gmt":"2026-04-26T16:20:00","guid":{"rendered":"https:\/\/www.uai.com.br\/uainoticias\/?p=126485"},"modified":"2026-04-22T23:50:48","modified_gmt":"2026-04-23T02:50:48","slug":"a-fruta-nativa-esquecida-que-marcou-a-infancia-dos-nossos-pais-e-pode-ser-cultivada-em-casa-para-fazer-doces-caseiros","status":"publish","type":"post","link":"https:\/\/www.uai.com.br\/uainoticias\/2026\/04\/26\/a-fruta-nativa-esquecida-que-marcou-a-infancia-dos-nossos-pais-e-pode-ser-cultivada-em-casa-para-fazer-doces-caseiros\/","title":{"rendered":"A fruta nativa esquecida que marcou a inf\u00e2ncia dos nossos pais e pode ser cultivada em casa para fazer doces caseiros"},"content":{"rendered":"\n<p>O ara\u00e7\u00e1 \u00e9 uma das frutas nativas mais emblem\u00e1ticas da <strong>Mata Atl\u00e2ntica<\/strong>, carregando mem\u00f3rias afetivas profundas para diversas gera\u00e7\u00f5es brasileiras. Seu cultivo dom\u00e9stico permite o resgate de sabores tradicionais em receitas artesanais e nutritivas.<\/p>\n\n\n\n<h2 class=\"wp-block-heading\">Por que o ara\u00e7\u00e1 \u00e9 considerado um tesouro da biodiversidade?<\/h2>\n\n\n\n<p>A fruta pertence ao g\u00eanero <strong>Psidium<\/strong> e apresenta uma diversidade de cores e sabores que variam entre o \u00e1cido e o doce. Sua presen\u00e7a em biomas como o <strong>Cerrado<\/strong> fortalece a fauna local por meio da oferta de alimento para p\u00e1ssaros nativos.<\/p>\n\n\n\n<p>O consumo do ara\u00e7\u00e1 promove a preserva\u00e7\u00e3o de esp\u00e9cies originais do <strong>Brasil<\/strong>, combatendo o esquecimento de frutos que perderam espa\u00e7o no mercado. Sua polpa \u00e9 rica em nutrientes essenciais que auxiliam na manuten\u00e7\u00e3o do bem-estar di\u00e1rio.<\/p>\n\n\n\n<p>Assista ao v\u00eddeo do canal <strong>Quintal, cozinha e arte<\/strong>, que conta com <strong>9,44 mil<\/strong> inscritos. O v\u00eddeo explica o que \u00e9 o <strong>Ara\u00e7\u00e1<\/strong>, uma fruta nativa do <strong>Brasil<\/strong>, e ensina como plant\u00e1-lo, destacando as suas caracter\u00edsticas, benef\u00edcios e dicas de cultivo para quem deseja ter essa frut\u00edfera no quintal:<\/p>\n\n\n\n<figure class=\"wp-block-embed is-type-video is-provider-youtube wp-block-embed-youtube wp-embed-aspect-16-9 wp-has-aspect-ratio\"><div class=\"wp-block-embed__wrapper\">\n<div class=\"jeg_video_container jeg_video_content\"><iframe loading=\"lazy\" title=\"Como plantar ARA\u00c7\u00c1: o que \u00e9 ara\u00e7\u00e1\" width=\"500\" height=\"281\" src=\"https:\/\/www.youtube.com\/embed\/BmN_MDQXJRk?feature=oembed\" frameborder=\"0\" allow=\"accelerometer; autoplay; clipboard-write; encrypted-media; gyroscope; picture-in-picture; web-share\" referrerpolicy=\"strict-origin-when-cross-origin\" allowfullscreen><\/iframe><\/div>\n<\/div><\/figure>\n\n\n\n<h2 class=\"wp-block-heading\">Quais s\u00e3o as principais caracter\u00edsticas das variedades mais comuns?<\/h2>\n\n\n\n<p>Existem diversas esp\u00e9cies deste fruto que se adaptam a diferentes condi\u00e7\u00f5es clim\u00e1ticas e tipos de solo encontrados em todo o territ\u00f3rio nacional. A identifica\u00e7\u00e3o correta das variedades \u00e9 fundamental para garantir o sucesso do plantio e a qualidade da colheita final no pomar dom\u00e9stico.<\/p>\n\n\n\n<p>Confira os dados t\u00e9cnicos sobre as variedades de ara\u00e7\u00e1 de acordo com as especifica\u00e7\u00f5es da <strong>EMBRAPA<\/strong>:<\/p>\n\n\n\n<figure class=\"wp-block-image size-large\"><img decoding=\"async\" width=\"1024\" height=\"498\" src=\"https:\/\/www.uai.com.br\/uainoticias\/wp-content\/uploads\/2026\/04\/Araca-tabela-1024x498.jpg\" alt=\"\" class=\"wp-image-126515\" srcset=\"https:\/\/www.uai.com.br\/uainoticias\/wp-content\/uploads\/2026\/04\/Araca-tabela-1024x498.jpg 1024w, https:\/\/www.uai.com.br\/uainoticias\/wp-content\/uploads\/2026\/04\/Araca-tabela-300x146.jpg 300w, https:\/\/www.uai.com.br\/uainoticias\/wp-content\/uploads\/2026\/04\/Araca-tabela-768x374.jpg 768w, https:\/\/www.uai.com.br\/uainoticias\/wp-content\/uploads\/2026\/04\/Araca-tabela-750x365.jpg 750w, https:\/\/www.uai.com.br\/uainoticias\/wp-content\/uploads\/2026\/04\/Araca-tabela-1140x555.jpg 1140w, https:\/\/www.uai.com.br\/uainoticias\/wp-content\/uploads\/2026\/04\/Araca-tabela.jpg 1280w\" sizes=\"(max-width: 1024px) 100vw, 1024px\" \/><\/figure>\n\n\n\n<h2 class=\"wp-block-heading\">Como cultivar o ara\u00e7azeiro em espa\u00e7os reduzidos ou vasos?<\/h2>\n\n\n\n<p>O plantio desta esp\u00e9cie em ambientes limitados exige a escolha de recipientes com boa drenagem e a utiliza\u00e7\u00e3o de substratos ricos em mat\u00e9ria org\u00e2nica processada. O ara\u00e7azeiro apresenta um crescimento moderado que facilita o manejo estrutural por meio de podas de condu\u00e7\u00e3o regulares em resid\u00eancias urbanas.<\/p>\n\n\n\n<p>Siga as orienta\u00e7\u00f5es t\u00e9cnicas para garantir o desenvolvimento saud\u00e1vel da planta em sua resid\u00eancia no <strong>Brasil<\/strong>:<\/p>\n\n\n\n<ul class=\"wp-block-list\">\n<li>Mantenha o vaso em local com alta incid\u00eancia de luz solar direta.<\/li>\n\n\n\n<li>Realize regas frequentes sem encharcar as ra\u00edzes sens\u00edveis da muda.<\/li>\n\n\n\n<li>Utilize adubos org\u00e2nicos para fortalecer a nutri\u00e7\u00e3o mineral do solo.<\/li>\n\n\n\n<li>Monitore a presen\u00e7a de moscas-das-frutas durante a fase de matura\u00e7\u00e3o.<\/li>\n\n\n\n<li>Fa\u00e7a podas de limpeza para remover galhos secos ou doentes da copa.<\/li>\n<\/ul>\n\n\n\n<p>Leia tamb\u00e9m: <strong><a href=\"https:\/\/www.uai.com.br\/uainoticias\/2026\/04\/22\/a-fruta-perfumada-que-marcou-a-infancia-dos-nossos-avos-e-esta-voltando-aos-jardins-porque-atrai-passaros-cantores\/\" target=\"_blank\" rel=\"noreferrer noopener\">A fruta perfumada que marcou a inf\u00e2ncia dos nossos av\u00f3s e est\u00e1 voltando aos jardins porque atrai p\u00e1ssaros cantores &#8211; UAI Not\u00edcias<\/a><\/strong><\/p>\n\n\n\n<h2 class=\"wp-block-heading\">Quais s\u00e3o os benef\u00edcios nutricionais do consumo regular deste fruto?<\/h2>\n\n\n\n<p>O ara\u00e7\u00e1 possui altas concentra\u00e7\u00f5es de vitamina <strong>C<\/strong> e compostos antioxidantes que auxiliam no fortalecimento do sistema imunol\u00f3gico. Sua ingest\u00e3o frequente ajuda a combater radicais livres e previne processos inflamat\u00f3rios no organismo humano.<\/p>\n\n\n\n<p>A presen\u00e7a de fibras alimentares na polpa contribui para o bom funcionamento do sistema digestivo e para o controle dos n\u00edveis glic\u00eamicos. Integrar frutos nativos na dieta promove uma alimenta\u00e7\u00e3o mais equilibrada e conectada com a biodiversidade do <strong>Brasil<\/strong>.<\/p>\n\n\n\n<figure class=\"wp-block-image size-large\"><img decoding=\"async\" width=\"1024\" height=\"576\" src=\"https:\/\/www.uai.com.br\/uainoticias\/wp-content\/uploads\/2026\/04\/Araca-2-1024x576.jpg\" alt=\"\" class=\"wp-image-126528\" srcset=\"https:\/\/www.uai.com.br\/uainoticias\/wp-content\/uploads\/2026\/04\/Araca-2-1024x576.jpg 1024w, https:\/\/www.uai.com.br\/uainoticias\/wp-content\/uploads\/2026\/04\/Araca-2-300x169.jpg 300w, https:\/\/www.uai.com.br\/uainoticias\/wp-content\/uploads\/2026\/04\/Araca-2-768x432.jpg 768w, https:\/\/www.uai.com.br\/uainoticias\/wp-content\/uploads\/2026\/04\/Araca-2-750x422.jpg 750w, https:\/\/www.uai.com.br\/uainoticias\/wp-content\/uploads\/2026\/04\/Araca-2-1140x641.jpg 1140w, https:\/\/www.uai.com.br\/uainoticias\/wp-content\/uploads\/2026\/04\/Araca-2.jpg 1280w\" sizes=\"(max-width: 1024px) 100vw, 1024px\" \/><figcaption class=\"wp-element-caption\">Utilize vasos com boa drenagem e luz solar direta para cultivar seu ara\u00e7azeiro em espa\u00e7os reduzidos, garantindo colheitas em sua resid\u00eancia &#8211; Cr\u00e9ditos: Imagem Ilustrativa<\/figcaption><\/figure>\n\n\n\n<p>Leia tamb\u00e9m: <strong><a href=\"https:\/\/www.uai.com.br\/uainoticias\/2026\/04\/22\/como-eliminar-lesmas-da-horta-a-noite-em-menos-de-um-minuto-truque-caseiro-eficaz-cercando-os-canteiros-com-casca-de-ovo-triturada\/\" target=\"_blank\" rel=\"noreferrer noopener\">Como eliminar lesmas da horta \u00e0 noite em menos de um minuto: truque caseiro eficaz cercando os canteiros com casca de ovo triturada &#8211; UAI Not\u00edcias<\/a><\/strong><\/p>\n\n\n\n<h2 class=\"wp-block-heading\">Como preparar doces caseiros tradicionais com a polpa do ara\u00e7\u00e1?<\/h2>\n\n\n\n<p>A acidez natural da fruta equilibra perfeitamente o a\u00e7\u00facar em geleias e compotas preparadas com ingredientes frescos e selecionados. O processo de cozimento lento preserva os aromas caracter\u00edsticos que remetem aos antigos quintais das fam\u00edlias brasileiras.<\/p>\n\n\n\n<p>Experimentar receitas cl\u00e1ssicas permite redescobrir texturas e sabores que fazem parte do patrim\u00f4nio gastron\u00f4mico do <strong>Brasil<\/strong>. A versatilidade do ara\u00e7\u00e1 na culin\u00e1ria transforma ingredientes simples em sobremesas sofisticadas e cheias de hist\u00f3ria cultural.<\/p>\n","protected":false},"excerpt":{"rendered":"<p>O ara\u00e7\u00e1 \u00e9 uma das frutas nativas mais emblem\u00e1ticas da Mata Atl\u00e2ntica, carregando mem\u00f3rias afetivas profundas para diversas gera\u00e7\u00f5es brasileiras. Seu cultivo dom\u00e9stico permite o resgate de sabores tradicionais em receitas artesanais e nutritivas. Por que o ara\u00e7\u00e1 \u00e9 considerado um tesouro da biodiversidade? A fruta pertence ao g\u00eanero Psidium e apresenta uma diversidade de [&hellip;]<\/p>\n","protected":false},"author":29,"featured_media":126527,"comment_status":"open","ping_status":"open","sticky":false,"template":"","format":"standard","meta":{"jnews-multi-image_gallery":[],"jnews_single_post":{"format":"standard"},"jnews_primary_category":[],"jnews_social_meta":[],"jnews_override_counter":[],"footnotes":""},"categories":[11599],"tags":[23295,3556,1022],"class_list":["post-126485","post","type-post","status-publish","format-standard","has-post-thumbnail","hentry","category-jardinagem","tag-araca","tag-biodiversidade","tag-fruta"],"yoast_head":"<!-- This site is optimized with the Yoast SEO plugin v26.5 - https:\/\/yoast.com\/wordpress\/plugins\/seo\/ -->\n<title>A fruta nativa esquecida que marcou a inf\u00e2ncia dos nossos pais e pode ser cultivada em casa para fazer doces caseiros - UAI Not\u00edcias<\/title>\n<meta name=\"description\" content=\"Resgate sabores tradicionais cultivando o ara\u00e7\u00e1, um tesouro da Mata Atl\u00e2ntica que fortalece a fauna e traz bem-estar para o seu lar\" \/>\n<meta name=\"robots\" content=\"index, follow, max-snippet:-1, max-image-preview:large, max-video-preview:-1\" \/>\n<link rel=\"canonical\" href=\"https:\/\/www.uai.com.br\/uainoticias\/2026\/04\/26\/a-fruta-nativa-esquecida-que-marcou-a-infancia-dos-nossos-pais-e-pode-ser-cultivada-em-casa-para-fazer-doces-caseiros\/\" \/>\n<meta property=\"og:locale\" content=\"pt_BR\" \/>\n<meta property=\"og:type\" content=\"article\" \/>\n<meta property=\"og:title\" content=\"A fruta nativa esquecida que marcou a inf\u00e2ncia dos nossos pais e pode ser cultivada em casa para fazer doces caseiros - UAI Not\u00edcias\" \/>\n<meta property=\"og:description\" content=\"Resgate sabores tradicionais cultivando o ara\u00e7\u00e1, um tesouro da Mata Atl\u00e2ntica que fortalece a fauna e traz bem-estar para o seu lar\" \/>\n<meta property=\"og:url\" content=\"https:\/\/www.uai.com.br\/uainoticias\/2026\/04\/26\/a-fruta-nativa-esquecida-que-marcou-a-infancia-dos-nossos-pais-e-pode-ser-cultivada-em-casa-para-fazer-doces-caseiros\/\" \/>\n<meta property=\"og:site_name\" content=\"UAI Not\u00edcias\" \/>\n<meta property=\"article:published_time\" content=\"2026-04-26T16:20:00+00:00\" \/>\n<meta property=\"og:image\" content=\"https:\/\/www.uai.com.br\/uainoticias\/wp-content\/uploads\/2026\/04\/Araca-1.jpg\" \/>\n\t<meta property=\"og:image:width\" content=\"1280\" \/>\n\t<meta property=\"og:image:height\" content=\"720\" \/>\n\t<meta property=\"og:image:type\" content=\"image\/jpeg\" \/>\n<meta name=\"author\" content=\"Leonardo Nunes\" \/>\n<meta name=\"twitter:card\" content=\"summary_large_image\" \/>\n<meta name=\"twitter:label1\" content=\"Escrito por\" \/>\n\t<meta name=\"twitter:data1\" content=\"Leonardo Nunes\" \/>\n\t<meta name=\"twitter:label2\" content=\"Est. tempo de leitura\" \/>\n\t<meta name=\"twitter:data2\" content=\"4 minutos\" \/>\n<!-- \/ Yoast SEO plugin. -->","yoast_head_json":{"title":"A fruta nativa esquecida que marcou a inf\u00e2ncia dos nossos pais e pode ser cultivada em casa para fazer doces caseiros - UAI Not\u00edcias","description":"Resgate sabores tradicionais cultivando o ara\u00e7\u00e1, um tesouro da Mata Atl\u00e2ntica que fortalece a fauna e traz bem-estar para o seu lar","robots":{"index":"index","follow":"follow","max-snippet":"max-snippet:-1","max-image-preview":"max-image-preview:large","max-video-preview":"max-video-preview:-1"},"canonical":"https:\/\/www.uai.com.br\/uainoticias\/2026\/04\/26\/a-fruta-nativa-esquecida-que-marcou-a-infancia-dos-nossos-pais-e-pode-ser-cultivada-em-casa-para-fazer-doces-caseiros\/","og_locale":"pt_BR","og_type":"article","og_title":"A fruta nativa esquecida que marcou a inf\u00e2ncia dos nossos pais e pode ser cultivada em casa para fazer doces caseiros - UAI Not\u00edcias","og_description":"Resgate sabores tradicionais cultivando o ara\u00e7\u00e1, um tesouro da Mata Atl\u00e2ntica que fortalece a fauna e traz bem-estar para o seu lar","og_url":"https:\/\/www.uai.com.br\/uainoticias\/2026\/04\/26\/a-fruta-nativa-esquecida-que-marcou-a-infancia-dos-nossos-pais-e-pode-ser-cultivada-em-casa-para-fazer-doces-caseiros\/","og_site_name":"UAI Not\u00edcias","article_published_time":"2026-04-26T16:20:00+00:00","og_image":[{"width":1280,"height":720,"url":"https:\/\/www.uai.com.br\/uainoticias\/wp-content\/uploads\/2026\/04\/Araca-1.jpg","type":"image\/jpeg"}],"author":"Leonardo Nunes","twitter_card":"summary_large_image","twitter_misc":{"Escrito por":"Leonardo Nunes","Est. tempo de leitura":"4 minutos"},"schema":{"@context":"https:\/\/schema.org","@graph":[{"@type":"WebPage","@id":"https:\/\/www.uai.com.br\/uainoticias\/2026\/04\/26\/a-fruta-nativa-esquecida-que-marcou-a-infancia-dos-nossos-pais-e-pode-ser-cultivada-em-casa-para-fazer-doces-caseiros\/","url":"https:\/\/www.uai.com.br\/uainoticias\/2026\/04\/26\/a-fruta-nativa-esquecida-que-marcou-a-infancia-dos-nossos-pais-e-pode-ser-cultivada-em-casa-para-fazer-doces-caseiros\/","name":"A fruta nativa esquecida que marcou a inf\u00e2ncia dos nossos pais e pode ser cultivada em casa para fazer doces caseiros - UAI Not\u00edcias","isPartOf":{"@id":"https:\/\/www.uai.com.br\/uainoticias\/#website"},"primaryImageOfPage":{"@id":"https:\/\/www.uai.com.br\/uainoticias\/2026\/04\/26\/a-fruta-nativa-esquecida-que-marcou-a-infancia-dos-nossos-pais-e-pode-ser-cultivada-em-casa-para-fazer-doces-caseiros\/#primaryimage"},"image":{"@id":"https:\/\/www.uai.com.br\/uainoticias\/2026\/04\/26\/a-fruta-nativa-esquecida-que-marcou-a-infancia-dos-nossos-pais-e-pode-ser-cultivada-em-casa-para-fazer-doces-caseiros\/#primaryimage"},"thumbnailUrl":"https:\/\/www.uai.com.br\/uainoticias\/wp-content\/uploads\/2026\/04\/Araca-1.jpg","datePublished":"2026-04-26T16:20:00+00:00","author":{"@id":"https:\/\/www.uai.com.br\/uainoticias\/#\/schema\/person\/f57cbcb79cae89ff53b4e2a7511676fb"},"description":"Resgate sabores tradicionais cultivando o ara\u00e7\u00e1, um tesouro da Mata Atl\u00e2ntica que fortalece a fauna e traz bem-estar para o seu lar","breadcrumb":{"@id":"https:\/\/www.uai.com.br\/uainoticias\/2026\/04\/26\/a-fruta-nativa-esquecida-que-marcou-a-infancia-dos-nossos-pais-e-pode-ser-cultivada-em-casa-para-fazer-doces-caseiros\/#breadcrumb"},"inLanguage":"pt-BR","potentialAction":[{"@type":"ReadAction","target":["https:\/\/www.uai.com.br\/uainoticias\/2026\/04\/26\/a-fruta-nativa-esquecida-que-marcou-a-infancia-dos-nossos-pais-e-pode-ser-cultivada-em-casa-para-fazer-doces-caseiros\/"]}]},{"@type":"ImageObject","inLanguage":"pt-BR","@id":"https:\/\/www.uai.com.br\/uainoticias\/2026\/04\/26\/a-fruta-nativa-esquecida-que-marcou-a-infancia-dos-nossos-pais-e-pode-ser-cultivada-em-casa-para-fazer-doces-caseiros\/#primaryimage","url":"https:\/\/www.uai.com.br\/uainoticias\/wp-content\/uploads\/2026\/04\/Araca-1.jpg","contentUrl":"https:\/\/www.uai.com.br\/uainoticias\/wp-content\/uploads\/2026\/04\/Araca-1.jpg","width":1280,"height":720,"caption":"Entenda como a diversidade de cores e o sabor doce-\u00e1cido promovem a preserva\u00e7\u00e3o de esp\u00e9cies originais contra o esquecimento no Brasil - Cr\u00e9ditos: Imagem Ilustrativa"},{"@type":"BreadcrumbList","@id":"https:\/\/www.uai.com.br\/uainoticias\/2026\/04\/26\/a-fruta-nativa-esquecida-que-marcou-a-infancia-dos-nossos-pais-e-pode-ser-cultivada-em-casa-para-fazer-doces-caseiros\/#breadcrumb","itemListElement":[{"@type":"ListItem","position":1,"name":"In\u00edcio","item":"https:\/\/www.uai.com.br\/uainoticias\/"},{"@type":"ListItem","position":2,"name":"A fruta nativa esquecida que marcou a inf\u00e2ncia dos nossos pais e pode ser cultivada em casa para fazer doces caseiros"}]},{"@type":"WebSite","@id":"https:\/\/www.uai.com.br\/uainoticias\/#website","url":"https:\/\/www.uai.com.br\/uainoticias\/","name":"UAI Not\u00edcias","description":"Acompanhe as \u00faltimas not\u00edcias e fique bem informado sobre tudo o que acontece no Brasil e no mundo.","potentialAction":[{"@type":"SearchAction","target":{"@type":"EntryPoint","urlTemplate":"https:\/\/www.uai.com.br\/uainoticias\/?s={search_term_string}"},"query-input":{"@type":"PropertyValueSpecification","valueRequired":true,"valueName":"search_term_string"}}],"inLanguage":"pt-BR"},{"@type":"Person","@id":"https:\/\/www.uai.com.br\/uainoticias\/#\/schema\/person\/f57cbcb79cae89ff53b4e2a7511676fb","name":"Leonardo Nunes","image":{"@type":"ImageObject","inLanguage":"pt-BR","@id":"https:\/\/www.uai.com.br\/uainoticias\/#\/schema\/person\/image\/","url":"https:\/\/secure.gravatar.com\/avatar\/bcbad95ea1da2f5458464789977fbb5ca8a5da4f7f82d946c83505ef5f769a9c?s=96&d=mm&r=g","contentUrl":"https:\/\/secure.gravatar.com\/avatar\/bcbad95ea1da2f5458464789977fbb5ca8a5da4f7f82d946c83505ef5f769a9c?s=96&d=mm&r=g","caption":"Leonardo Nunes"},"sameAs":["https:\/\/www.uai.com.br\/uainoticias\/"],"url":"https:\/\/www.uai.com.br\/uainoticias\/author\/leonardo-nunes\/"}]}},"_links":{"self":[{"href":"https:\/\/www.uai.com.br\/uainoticias\/wp-json\/wp\/v2\/posts\/126485","targetHints":{"allow":["GET"]}}],"collection":[{"href":"https:\/\/www.uai.com.br\/uainoticias\/wp-json\/wp\/v2\/posts"}],"about":[{"href":"https:\/\/www.uai.com.br\/uainoticias\/wp-json\/wp\/v2\/types\/post"}],"author":[{"embeddable":true,"href":"https:\/\/www.uai.com.br\/uainoticias\/wp-json\/wp\/v2\/users\/29"}],"replies":[{"embeddable":true,"href":"https:\/\/www.uai.com.br\/uainoticias\/wp-json\/wp\/v2\/comments?post=126485"}],"version-history":[{"count":2,"href":"https:\/\/www.uai.com.br\/uainoticias\/wp-json\/wp\/v2\/posts\/126485\/revisions"}],"predecessor-version":[{"id":126532,"href":"https:\/\/www.uai.com.br\/uainoticias\/wp-json\/wp\/v2\/posts\/126485\/revisions\/126532"}],"wp:featuredmedia":[{"embeddable":true,"href":"https:\/\/www.uai.com.br\/uainoticias\/wp-json\/wp\/v2\/media\/126527"}],"wp:attachment":[{"href":"https:\/\/www.uai.com.br\/uainoticias\/wp-json\/wp\/v2\/media?parent=126485"}],"wp:term":[{"taxonomy":"category","embeddable":true,"href":"https:\/\/www.uai.com.br\/uainoticias\/wp-json\/wp\/v2\/categories?post=126485"},{"taxonomy":"post_tag","embeddable":true,"href":"https:\/\/www.uai.com.br\/uainoticias\/wp-json\/wp\/v2\/tags?post=126485"}],"curies":[{"name":"wp","href":"https:\/\/api.w.org\/{rel}","templated":true}]}}