{"id":126478,"date":"2026-04-26T09:20:00","date_gmt":"2026-04-26T12:20:00","guid":{"rendered":"https:\/\/www.uai.com.br\/uainoticias\/?p=126478"},"modified":"2026-04-22T23:21:44","modified_gmt":"2026-04-23T02:21:44","slug":"as-alfaces-germinam-como-fermento-ao-planta-las-no-buraco-adicione-uma-colher-de-sopa-de-farinha-de-osso-para-raizes-fortes","status":"publish","type":"post","link":"https:\/\/www.uai.com.br\/uainoticias\/2026\/04\/26\/as-alfaces-germinam-como-fermento-ao-planta-las-no-buraco-adicione-uma-colher-de-sopa-de-farinha-de-osso-para-raizes-fortes\/","title":{"rendered":"As alfaces germinam como fermento: ao plant\u00e1-las no buraco, adicione uma colher de sopa de farinha de osso para ra\u00edzes fortes"},"content":{"rendered":"\n<p>O uso da farinha de osso no plantio de alfaces potencializa o desenvolvimento inicial das ra\u00edzes e acelera a absor\u00e7\u00e3o de nutrientes do solo. Esse fertilizante natural \u00e9 rico em f\u00f3sforo, elemento essencial para o vigor vegetativo em hortas dom\u00e9sticas no <strong>Brasil<\/strong>.<\/p>\n\n\n\n<h2 class=\"wp-block-heading\">Por que a farinha de osso \u00e9 importante para o desenvolvimento da alface?<\/h2>\n\n\n\n<p>O f\u00f3sforo presente nesse insumo org\u00e2nico atua diretamente na divis\u00e3o celular e na forma\u00e7\u00e3o de tecidos radiculares mais resistentes e profundos. Uma base s\u00f3lida permite que a hortali\u00e7a suporte melhor per\u00edodos de calor intenso ou varia\u00e7\u00f5es na rega.<\/p>\n\n\n\n<p>Al\u00e9m de fortalecer a estrutura subterr\u00e2nea, esse componente auxilia na transfer\u00eancia de energia dentro da planta durante o ciclo de crescimento. O resultado \u00e9 uma colheita mais r\u00e1pida e folhas com textura crocante conforme as normas da <strong>ABNT<\/strong>.<\/p>\n\n\n\n<p>Assista ao v\u00eddeo do canal <strong>Cultivando<\/strong>, que conta com <strong>1,31 milh\u00e3o<\/strong> de inscritos. O v\u00eddeo explora o uso da <strong>Farinha de Osso<\/strong> como fertilizante org\u00e2nico, destacando a sua riqueza em f\u00f3sforo e c\u00e1lcio, elementos essenciais para o fortalecimento das ra\u00edzes e o est\u00edmulo a uma flora\u00e7\u00e3o e frutifica\u00e7\u00e3o exuberantes:<\/p>\n\n\n\n<figure class=\"wp-block-embed is-type-video is-provider-youtube wp-block-embed-youtube wp-embed-aspect-16-9 wp-has-aspect-ratio\"><div class=\"wp-block-embed__wrapper\">\n<div class=\"jeg_video_container jeg_video_content\"><iframe loading=\"lazy\" title=\"Farinha de Osso um adubo paras as plantas.\" width=\"500\" height=\"281\" src=\"https:\/\/www.youtube.com\/embed\/uGdb3HBIf0Y?feature=oembed\" frameborder=\"0\" allow=\"accelerometer; autoplay; clipboard-write; encrypted-media; gyroscope; picture-in-picture; web-share\" referrerpolicy=\"strict-origin-when-cross-origin\" allowfullscreen><\/iframe><\/div>\n<\/div><\/figure>\n\n\n\n<h2 class=\"wp-block-heading\">Quais s\u00e3o as especifica\u00e7\u00f5es t\u00e9cnicas deste fertilizante org\u00e2nico?<\/h2>\n\n\n\n<p>A farinha de osso \u00e9 um subproduto da ind\u00fastria processadora que passa por tratamentos t\u00e9rmicos para garantir a seguran\u00e7a biol\u00f3gica do material. Sua composi\u00e7\u00e3o mineral oferece uma libera\u00e7\u00e3o gradual de nutrientes, evitando a lixivia\u00e7\u00e3o excessiva durante as chuvas.<\/p>\n\n\n\n<p>Confira os dados t\u00e9cnicos sobre os principais minerais encontrados neste adubo natural de acordo com os padr\u00f5es estabelecidos pela <strong>EMBRAPA<\/strong>:<\/p>\n\n\n\n<figure class=\"wp-block-image size-large\"><img decoding=\"async\" width=\"1024\" height=\"498\" src=\"https:\/\/www.uai.com.br\/uainoticias\/wp-content\/uploads\/2026\/04\/Plantio-de-alfaces-tabela-1024x498.jpg\" alt=\"\" class=\"wp-image-126493\" srcset=\"https:\/\/www.uai.com.br\/uainoticias\/wp-content\/uploads\/2026\/04\/Plantio-de-alfaces-tabela-1024x498.jpg 1024w, https:\/\/www.uai.com.br\/uainoticias\/wp-content\/uploads\/2026\/04\/Plantio-de-alfaces-tabela-300x146.jpg 300w, https:\/\/www.uai.com.br\/uainoticias\/wp-content\/uploads\/2026\/04\/Plantio-de-alfaces-tabela-768x374.jpg 768w, https:\/\/www.uai.com.br\/uainoticias\/wp-content\/uploads\/2026\/04\/Plantio-de-alfaces-tabela-750x365.jpg 750w, https:\/\/www.uai.com.br\/uainoticias\/wp-content\/uploads\/2026\/04\/Plantio-de-alfaces-tabela-1140x555.jpg 1140w, https:\/\/www.uai.com.br\/uainoticias\/wp-content\/uploads\/2026\/04\/Plantio-de-alfaces-tabela.jpg 1280w\" sizes=\"(max-width: 1024px) 100vw, 1024px\" \/><\/figure>\n\n\n\n<p>Leia tamb\u00e9m: <strong><a href=\"https:\/\/www.uai.com.br\/uainoticias\/2026\/04\/22\/a-fruta-perfumada-que-marcou-a-infancia-dos-nossos-avos-e-esta-voltando-aos-jardins-porque-atrai-passaros-cantores\/\" target=\"_blank\" rel=\"noreferrer noopener\">A fruta perfumada que marcou a inf\u00e2ncia dos nossos av\u00f3s e est\u00e1 voltando aos jardins porque atrai p\u00e1ssaros cantores &#8211; UAI Not\u00edcias<\/a><\/strong><\/p>\n\n\n\n<h2 class=\"wp-block-heading\">Como aplicar a farinha de osso corretamente no momento do plantio?<\/h2>\n\n\n\n<p>O manejo correto do fertilizante no buraco de plantio evita que a alta concentra\u00e7\u00e3o de minerais entre em contato direto com as ra\u00edzes sens\u00edveis da muda. A mistura pr\u00e9via com o substrato garante uma distribui\u00e7\u00e3o uniforme do f\u00f3sforo na zona radicular inicial para a planta.<\/p>\n\n\n\n<p>Para obter resultados profissionais na sua horta residencial, \u00e9 fundamental seguir estas etapas t\u00e9cnicas de prepara\u00e7\u00e3o do solo para as alfaces:<\/p>\n\n\n\n<ul class=\"wp-block-list\">\n<li>Misture uma colher de sopa de farinha de osso na terra do fundo da cova.<\/li>\n\n\n\n<li>Adicione uma camada fina de solo comum para isolar o contato inicial da raiz.<\/li>\n\n\n\n<li>Regue abundantemente logo ap\u00f3s o transplante para ativar a libera\u00e7\u00e3o mineral.<\/li>\n\n\n\n<li>Mantenha o espa\u00e7amento de vinte cent\u00edmetros entre as mudas para ventila\u00e7\u00e3o.<\/li>\n<\/ul>\n\n\n\n<h2 class=\"wp-block-heading\">Quais cuidados evitam o excesso de nutrientes no solo da horta?<\/h2>\n\n\n\n<p>A aplica\u00e7\u00e3o exagerada de f\u00f3sforo pode bloquear a absor\u00e7\u00e3o de outros micronutrientes essenciais, como o zinco e o ferro, causando amarelecimento foliar. O equil\u00edbrio qu\u00edmico \u00e9 vital para manter a biodiversidade do solo e a sa\u00fade das plantas brasileiras.<\/p>\n\n\n\n<p>O monitoramento constante da colora\u00e7\u00e3o das folhas ajuda a identificar se a dosagem est\u00e1 adequada para a variedade de alface escolhida. Utilizar adubos certificados garante que o produto esteja livre de pat\u00f3genos que prejudicam a produ\u00e7\u00e3o org\u00e2nica.<\/p>\n\n\n\n<figure class=\"wp-block-image size-large\"><img decoding=\"async\" width=\"1024\" height=\"576\" src=\"https:\/\/www.uai.com.br\/uainoticias\/wp-content\/uploads\/2026\/04\/Plantio-de-alfaces-2-1024x576.jpg\" alt=\"\" class=\"wp-image-126504\" srcset=\"https:\/\/www.uai.com.br\/uainoticias\/wp-content\/uploads\/2026\/04\/Plantio-de-alfaces-2-1024x576.jpg 1024w, https:\/\/www.uai.com.br\/uainoticias\/wp-content\/uploads\/2026\/04\/Plantio-de-alfaces-2-300x169.jpg 300w, https:\/\/www.uai.com.br\/uainoticias\/wp-content\/uploads\/2026\/04\/Plantio-de-alfaces-2-768x432.jpg 768w, https:\/\/www.uai.com.br\/uainoticias\/wp-content\/uploads\/2026\/04\/Plantio-de-alfaces-2-750x422.jpg 750w, https:\/\/www.uai.com.br\/uainoticias\/wp-content\/uploads\/2026\/04\/Plantio-de-alfaces-2-1140x641.jpg 1140w, https:\/\/www.uai.com.br\/uainoticias\/wp-content\/uploads\/2026\/04\/Plantio-de-alfaces-2.jpg 1280w\" sizes=\"(max-width: 1024px) 100vw, 1024px\" \/><figcaption class=\"wp-element-caption\">Entenda como o f\u00f3sforo atua na divis\u00e3o celular, criando uma base radicular profunda que suporta varia\u00e7\u00f5es t\u00e9rmicas e falta de rega na resid\u00eancia &#8211; Cr\u00e9ditos: Imagem Ilustrativa<\/figcaption><\/figure>\n\n\n\n<p>Leia tamb\u00e9m: <strong><a href=\"https:\/\/www.uai.com.br\/uainoticias\/2026\/04\/22\/como-eliminar-lesmas-da-horta-a-noite-em-menos-de-um-minuto-truque-caseiro-eficaz-cercando-os-canteiros-com-casca-de-ovo-triturada\/\" target=\"_blank\" rel=\"noreferrer noopener\">Como eliminar lesmas da horta \u00e0 noite em menos de um minuto: truque caseiro eficaz cercando os canteiros com casca de ovo triturada &#8211; UAI Not\u00edcias<\/a><\/strong><\/p>\n\n\n\n<h2 class=\"wp-block-heading\">Como a qualidade da raiz influencia o sabor final da alface?<\/h2>\n\n\n\n<p>Ra\u00edzes fortes e bem desenvolvidas conseguem extrair minerais complexos do solo, o que se traduz em um perfil de sabor mais rico e adocicado. A planta bem nutrida desde a base apresenta maior resist\u00eancia ao surgimento de pragas e doen\u00e7as foliares.<\/p>\n\n\n\n<p>O vigor radicular tamb\u00e9m retarda o processo de pendoamento precoce, permitindo que a alface permane\u00e7a no ponto de colheita por mais tempo. Investir na nutri\u00e7\u00e3o da base \u00e9 o caminho para o sucesso na horticultura urbana e sustent\u00e1vel.<\/p>\n","protected":false},"excerpt":{"rendered":"<p>O uso da farinha de osso no plantio de alfaces potencializa o desenvolvimento inicial das ra\u00edzes e acelera a absor\u00e7\u00e3o de nutrientes do solo. Esse fertilizante natural \u00e9 rico em f\u00f3sforo, elemento essencial para o vigor vegetativo em hortas dom\u00e9sticas no Brasil. Por que a farinha de osso \u00e9 importante para o desenvolvimento da alface? [&hellip;]<\/p>\n","protected":false},"author":29,"featured_media":126503,"comment_status":"open","ping_status":"open","sticky":false,"template":"","format":"standard","meta":{"jnews-multi-image_gallery":[],"jnews_single_post":{"format":"standard"},"jnews_primary_category":[],"jnews_social_meta":[],"jnews_override_counter":[],"footnotes":""},"categories":[11599],"tags":[3113,23291],"class_list":["post-126478","post","type-post","status-publish","format-standard","has-post-thumbnail","hentry","category-jardinagem","tag-alface","tag-farinha-de-osso"],"yoast_head":"<!-- This site is optimized with the Yoast SEO plugin v26.5 - https:\/\/yoast.com\/wordpress\/plugins\/seo\/ -->\n<title>As alfaces germinam como fermento: ao plant\u00e1-las no buraco, adicione uma colher de sopa de farinha de osso para ra\u00edzes fortes - UAI Not\u00edcias<\/title>\n<meta name=\"description\" content=\"Evite o excesso de f\u00f3sforo monitorando o brilho das folhas, garantindo que o equil\u00edbrio qu\u00edmico resulte em colheitas doces no Brasil\" \/>\n<meta name=\"robots\" content=\"index, follow, max-snippet:-1, max-image-preview:large, max-video-preview:-1\" \/>\n<link rel=\"canonical\" href=\"https:\/\/www.uai.com.br\/uainoticias\/2026\/04\/26\/as-alfaces-germinam-como-fermento-ao-planta-las-no-buraco-adicione-uma-colher-de-sopa-de-farinha-de-osso-para-raizes-fortes\/\" \/>\n<meta property=\"og:locale\" content=\"pt_BR\" \/>\n<meta property=\"og:type\" content=\"article\" \/>\n<meta property=\"og:title\" content=\"As alfaces germinam como fermento: ao plant\u00e1-las no buraco, adicione uma colher de sopa de farinha de osso para ra\u00edzes fortes - UAI Not\u00edcias\" \/>\n<meta property=\"og:description\" content=\"Evite o excesso de f\u00f3sforo monitorando o brilho das folhas, garantindo que o equil\u00edbrio qu\u00edmico resulte em colheitas doces no Brasil\" \/>\n<meta property=\"og:url\" content=\"https:\/\/www.uai.com.br\/uainoticias\/2026\/04\/26\/as-alfaces-germinam-como-fermento-ao-planta-las-no-buraco-adicione-uma-colher-de-sopa-de-farinha-de-osso-para-raizes-fortes\/\" \/>\n<meta property=\"og:site_name\" content=\"UAI Not\u00edcias\" \/>\n<meta property=\"article:published_time\" content=\"2026-04-26T12:20:00+00:00\" \/>\n<meta property=\"og:image\" content=\"https:\/\/www.uai.com.br\/uainoticias\/wp-content\/uploads\/2026\/04\/Plantio-de-alfaces-1.jpg\" \/>\n\t<meta property=\"og:image:width\" content=\"1280\" \/>\n\t<meta property=\"og:image:height\" content=\"720\" \/>\n\t<meta property=\"og:image:type\" content=\"image\/jpeg\" \/>\n<meta name=\"author\" content=\"Leonardo Nunes\" \/>\n<meta name=\"twitter:card\" content=\"summary_large_image\" \/>\n<meta name=\"twitter:label1\" content=\"Escrito por\" \/>\n\t<meta name=\"twitter:data1\" content=\"Leonardo Nunes\" \/>\n\t<meta name=\"twitter:label2\" content=\"Est. tempo de leitura\" \/>\n\t<meta name=\"twitter:data2\" content=\"5 minutos\" \/>\n<!-- \/ Yoast SEO plugin. -->","yoast_head_json":{"title":"As alfaces germinam como fermento: ao plant\u00e1-las no buraco, adicione uma colher de sopa de farinha de osso para ra\u00edzes fortes - UAI Not\u00edcias","description":"Evite o excesso de f\u00f3sforo monitorando o brilho das folhas, garantindo que o equil\u00edbrio qu\u00edmico resulte em colheitas doces no Brasil","robots":{"index":"index","follow":"follow","max-snippet":"max-snippet:-1","max-image-preview":"max-image-preview:large","max-video-preview":"max-video-preview:-1"},"canonical":"https:\/\/www.uai.com.br\/uainoticias\/2026\/04\/26\/as-alfaces-germinam-como-fermento-ao-planta-las-no-buraco-adicione-uma-colher-de-sopa-de-farinha-de-osso-para-raizes-fortes\/","og_locale":"pt_BR","og_type":"article","og_title":"As alfaces germinam como fermento: ao plant\u00e1-las no buraco, adicione uma colher de sopa de farinha de osso para ra\u00edzes fortes - UAI Not\u00edcias","og_description":"Evite o excesso de f\u00f3sforo monitorando o brilho das folhas, garantindo que o equil\u00edbrio qu\u00edmico resulte em colheitas doces no Brasil","og_url":"https:\/\/www.uai.com.br\/uainoticias\/2026\/04\/26\/as-alfaces-germinam-como-fermento-ao-planta-las-no-buraco-adicione-uma-colher-de-sopa-de-farinha-de-osso-para-raizes-fortes\/","og_site_name":"UAI Not\u00edcias","article_published_time":"2026-04-26T12:20:00+00:00","og_image":[{"width":1280,"height":720,"url":"https:\/\/www.uai.com.br\/uainoticias\/wp-content\/uploads\/2026\/04\/Plantio-de-alfaces-1.jpg","type":"image\/jpeg"}],"author":"Leonardo Nunes","twitter_card":"summary_large_image","twitter_misc":{"Escrito por":"Leonardo Nunes","Est. tempo de leitura":"5 minutos"},"schema":{"@context":"https:\/\/schema.org","@graph":[{"@type":"WebPage","@id":"https:\/\/www.uai.com.br\/uainoticias\/2026\/04\/26\/as-alfaces-germinam-como-fermento-ao-planta-las-no-buraco-adicione-uma-colher-de-sopa-de-farinha-de-osso-para-raizes-fortes\/","url":"https:\/\/www.uai.com.br\/uainoticias\/2026\/04\/26\/as-alfaces-germinam-como-fermento-ao-planta-las-no-buraco-adicione-uma-colher-de-sopa-de-farinha-de-osso-para-raizes-fortes\/","name":"As alfaces germinam como fermento: ao plant\u00e1-las no buraco, adicione uma colher de sopa de farinha de osso para ra\u00edzes fortes - UAI Not\u00edcias","isPartOf":{"@id":"https:\/\/www.uai.com.br\/uainoticias\/#website"},"primaryImageOfPage":{"@id":"https:\/\/www.uai.com.br\/uainoticias\/2026\/04\/26\/as-alfaces-germinam-como-fermento-ao-planta-las-no-buraco-adicione-uma-colher-de-sopa-de-farinha-de-osso-para-raizes-fortes\/#primaryimage"},"image":{"@id":"https:\/\/www.uai.com.br\/uainoticias\/2026\/04\/26\/as-alfaces-germinam-como-fermento-ao-planta-las-no-buraco-adicione-uma-colher-de-sopa-de-farinha-de-osso-para-raizes-fortes\/#primaryimage"},"thumbnailUrl":"https:\/\/www.uai.com.br\/uainoticias\/wp-content\/uploads\/2026\/04\/Plantio-de-alfaces-1.jpg","datePublished":"2026-04-26T12:20:00+00:00","author":{"@id":"https:\/\/www.uai.com.br\/uainoticias\/#\/schema\/person\/f57cbcb79cae89ff53b4e2a7511676fb"},"description":"Evite o excesso de f\u00f3sforo monitorando o brilho das folhas, garantindo que o equil\u00edbrio qu\u00edmico resulte em colheitas doces no Brasil","breadcrumb":{"@id":"https:\/\/www.uai.com.br\/uainoticias\/2026\/04\/26\/as-alfaces-germinam-como-fermento-ao-planta-las-no-buraco-adicione-uma-colher-de-sopa-de-farinha-de-osso-para-raizes-fortes\/#breadcrumb"},"inLanguage":"pt-BR","potentialAction":[{"@type":"ReadAction","target":["https:\/\/www.uai.com.br\/uainoticias\/2026\/04\/26\/as-alfaces-germinam-como-fermento-ao-planta-las-no-buraco-adicione-uma-colher-de-sopa-de-farinha-de-osso-para-raizes-fortes\/"]}]},{"@type":"ImageObject","inLanguage":"pt-BR","@id":"https:\/\/www.uai.com.br\/uainoticias\/2026\/04\/26\/as-alfaces-germinam-como-fermento-ao-planta-las-no-buraco-adicione-uma-colher-de-sopa-de-farinha-de-osso-para-raizes-fortes\/#primaryimage","url":"https:\/\/www.uai.com.br\/uainoticias\/wp-content\/uploads\/2026\/04\/Plantio-de-alfaces-1.jpg","contentUrl":"https:\/\/www.uai.com.br\/uainoticias\/wp-content\/uploads\/2026\/04\/Plantio-de-alfaces-1.jpg","width":1280,"height":720,"caption":"Potencialize sua horta utilizando farinha de osso para fornecer f\u00f3sforo e c\u00e1lcio, garantindo ra\u00edzes fortes e alfaces muito mais crocantes no lar - Cr\u00e9ditos: Imagem Ilustrativa"},{"@type":"BreadcrumbList","@id":"https:\/\/www.uai.com.br\/uainoticias\/2026\/04\/26\/as-alfaces-germinam-como-fermento-ao-planta-las-no-buraco-adicione-uma-colher-de-sopa-de-farinha-de-osso-para-raizes-fortes\/#breadcrumb","itemListElement":[{"@type":"ListItem","position":1,"name":"In\u00edcio","item":"https:\/\/www.uai.com.br\/uainoticias\/"},{"@type":"ListItem","position":2,"name":"As alfaces germinam como fermento: ao plant\u00e1-las no buraco, adicione uma colher de sopa de farinha de osso para ra\u00edzes fortes"}]},{"@type":"WebSite","@id":"https:\/\/www.uai.com.br\/uainoticias\/#website","url":"https:\/\/www.uai.com.br\/uainoticias\/","name":"UAI Not\u00edcias","description":"Acompanhe as \u00faltimas not\u00edcias e fique bem informado sobre tudo o que acontece no Brasil e no mundo.","potentialAction":[{"@type":"SearchAction","target":{"@type":"EntryPoint","urlTemplate":"https:\/\/www.uai.com.br\/uainoticias\/?s={search_term_string}"},"query-input":{"@type":"PropertyValueSpecification","valueRequired":true,"valueName":"search_term_string"}}],"inLanguage":"pt-BR"},{"@type":"Person","@id":"https:\/\/www.uai.com.br\/uainoticias\/#\/schema\/person\/f57cbcb79cae89ff53b4e2a7511676fb","name":"Leonardo Nunes","image":{"@type":"ImageObject","inLanguage":"pt-BR","@id":"https:\/\/www.uai.com.br\/uainoticias\/#\/schema\/person\/image\/","url":"https:\/\/secure.gravatar.com\/avatar\/bcbad95ea1da2f5458464789977fbb5ca8a5da4f7f82d946c83505ef5f769a9c?s=96&d=mm&r=g","contentUrl":"https:\/\/secure.gravatar.com\/avatar\/bcbad95ea1da2f5458464789977fbb5ca8a5da4f7f82d946c83505ef5f769a9c?s=96&d=mm&r=g","caption":"Leonardo Nunes"},"sameAs":["https:\/\/www.uai.com.br\/uainoticias\/"],"url":"https:\/\/www.uai.com.br\/uainoticias\/author\/leonardo-nunes\/"}]}},"_links":{"self":[{"href":"https:\/\/www.uai.com.br\/uainoticias\/wp-json\/wp\/v2\/posts\/126478","targetHints":{"allow":["GET"]}}],"collection":[{"href":"https:\/\/www.uai.com.br\/uainoticias\/wp-json\/wp\/v2\/posts"}],"about":[{"href":"https:\/\/www.uai.com.br\/uainoticias\/wp-json\/wp\/v2\/types\/post"}],"author":[{"embeddable":true,"href":"https:\/\/www.uai.com.br\/uainoticias\/wp-json\/wp\/v2\/users\/29"}],"replies":[{"embeddable":true,"href":"https:\/\/www.uai.com.br\/uainoticias\/wp-json\/wp\/v2\/comments?post=126478"}],"version-history":[{"count":2,"href":"https:\/\/www.uai.com.br\/uainoticias\/wp-json\/wp\/v2\/posts\/126478\/revisions"}],"predecessor-version":[{"id":126506,"href":"https:\/\/www.uai.com.br\/uainoticias\/wp-json\/wp\/v2\/posts\/126478\/revisions\/126506"}],"wp:featuredmedia":[{"embeddable":true,"href":"https:\/\/www.uai.com.br\/uainoticias\/wp-json\/wp\/v2\/media\/126503"}],"wp:attachment":[{"href":"https:\/\/www.uai.com.br\/uainoticias\/wp-json\/wp\/v2\/media?parent=126478"}],"wp:term":[{"taxonomy":"category","embeddable":true,"href":"https:\/\/www.uai.com.br\/uainoticias\/wp-json\/wp\/v2\/categories?post=126478"},{"taxonomy":"post_tag","embeddable":true,"href":"https:\/\/www.uai.com.br\/uainoticias\/wp-json\/wp\/v2\/tags?post=126478"}],"curies":[{"name":"wp","href":"https:\/\/api.w.org\/{rel}","templated":true}]}}