{"id":126041,"date":"2026-04-27T18:20:00","date_gmt":"2026-04-27T21:20:00","guid":{"rendered":"https:\/\/www.uai.com.br\/uainoticias\/?p=126041"},"modified":"2026-04-21T18:52:03","modified_gmt":"2026-04-21T21:52:03","slug":"soprar-canela-em-po-na-porta-de-entrada-no-primeiro-dia-do-mes-para-que-serve-e-por-que-recomendam","status":"publish","type":"post","link":"https:\/\/www.uai.com.br\/uainoticias\/2026\/04\/27\/soprar-canela-em-po-na-porta-de-entrada-no-primeiro-dia-do-mes-para-que-serve-e-por-que-recomendam\/","title":{"rendered":"Soprar canela em p\u00f3 na porta de entrada no primeiro dia do m\u00eas: para que serve e por que recomendam"},"content":{"rendered":"\n<p>A pr\u00e1tica de soprar especiarias na entrada das resid\u00eancias \u00e9 uma tradi\u00e7\u00e3o popular que busca atrair prosperidade e renova\u00e7\u00e3o energ\u00e9tica para o ambiente. Esse ritual simb\u00f3lico ocorre mensalmente para marcar o in\u00edcio de novos ciclos e fortalecer a inten\u00e7\u00e3o de abund\u00e2ncia no <strong>Brasil<\/strong>.<\/p>\n\n\n\n<h2 class=\"wp-block-heading\">Qual \u00e9 o significado simb\u00f3lico de soprar canela no primeiro dia do m\u00eas?<\/h2>\n\n\n\n<p>A canela \u00e9 associada ao elemento fogo e ao <strong>Sol<\/strong> em diversas culturas, representando sucesso, prote\u00e7\u00e3o e vitalidade para os moradores. O ato de soprar a especiaria simboliza o movimento da vida e a entrada de boas oportunidades no ambiente dom\u00e9stico.<\/p>\n\n\n\n<p>Realizar o gesto na soleira da porta serve para purificar a passagem e convidar energias positivas para cruzar o limite da resid\u00eancia. \u00c9 uma forma de alinhar o foco mental com objetivos de crescimento financeiro e harmonia familiar.<\/p>\n\n\n\n<figure class=\"wp-block-image size-large\"><img decoding=\"async\" width=\"1024\" height=\"576\" src=\"https:\/\/www.uai.com.br\/uainoticias\/wp-content\/uploads\/2026\/04\/Canela-em-po-na-porta-2-1024x576.jpg\" alt=\"\" class=\"wp-image-126078\" srcset=\"https:\/\/www.uai.com.br\/uainoticias\/wp-content\/uploads\/2026\/04\/Canela-em-po-na-porta-2-1024x576.jpg 1024w, https:\/\/www.uai.com.br\/uainoticias\/wp-content\/uploads\/2026\/04\/Canela-em-po-na-porta-2-300x169.jpg 300w, https:\/\/www.uai.com.br\/uainoticias\/wp-content\/uploads\/2026\/04\/Canela-em-po-na-porta-2-768x432.jpg 768w, https:\/\/www.uai.com.br\/uainoticias\/wp-content\/uploads\/2026\/04\/Canela-em-po-na-porta-2-750x422.jpg 750w, https:\/\/www.uai.com.br\/uainoticias\/wp-content\/uploads\/2026\/04\/Canela-em-po-na-porta-2-1140x641.jpg 1140w, https:\/\/www.uai.com.br\/uainoticias\/wp-content\/uploads\/2026\/04\/Canela-em-po-na-porta-2.jpg 1280w\" sizes=\"(max-width: 1024px) 100vw, 1024px\" \/><figcaption class=\"wp-element-caption\">Entenda como o aroma estimulante da canela altera a percep\u00e7\u00e3o do espa\u00e7o, evocando estados de \u00e2nimo que favorecem a produtividade e o bem-estar &#8211; Cr\u00e9ditos: Imagem Ilustrativa<\/figcaption><\/figure>\n\n\n\n<p>Leia tamb\u00e9m: <strong><a href=\"https:\/\/www.uai.com.br\/uainoticias\/2026\/04\/21\/colocar-folha-de-louro-debaixo-do-tapete-a-noite-para-que-serve-e-como-sua-casa-fica-pela-manha\/\" target=\"_blank\" rel=\"noreferrer noopener\">Colocar folha de louro debaixo do tapete \u00e0 noite: para que serve e como sua casa fica pela manh\u00e3 &#8211; UAI Not\u00edcias<\/a><\/strong><\/p>\n\n\n\n<h2 class=\"wp-block-heading\">Por que a canela \u00e9 a especiaria escolhida para rituais de prosperidade?<\/h2>\n\n\n\n<p>Na culin\u00e1ria e na aromaterapia, este ingrediente \u00e9 valorizado por suas propriedades estimulantes e seu aroma marcante que altera a percep\u00e7\u00e3o do espa\u00e7o residencial. A ci\u00eancia explica que certos cheiros podem evocar mem\u00f3rias positivas e estados de \u00e2nimo que favorecem a produtividade e o bem-estar durante as tarefas di\u00e1rias no <strong>Brasil<\/strong>.<\/p>\n\n\n\n<p>Confira os principais motivos pelos quais este condimento \u00e9 utilizado em pr\u00e1ticas de boas-vindas:<\/p>\n\n\n\n<ul class=\"wp-block-list\">\n<li>Atra\u00e7\u00e3o de sucesso material e sorte nos neg\u00f3cios pessoais.<\/li>\n\n\n\n<li>Prote\u00e7\u00e3o energ\u00e9tica do portal de entrada da resid\u00eancia.<\/li>\n\n\n\n<li>Est\u00edmulo \u00e0 criatividade e ao foco nos novos projetos.<\/li>\n\n\n\n<li>Aromatiza\u00e7\u00e3o natural que transmite acolhimento aos visitantes.<\/li>\n<\/ul>\n\n\n\n<h2 class=\"wp-block-heading\">Como o aroma da especiaria influencia o estado emocional dos moradores?<\/h2>\n\n\n\n<p>O olfato \u00e9 o sentido mais ligado ao sistema l\u00edmbico, respons\u00e1vel pelas emo\u00e7\u00f5es e pela mem\u00f3ria de longo prazo nas pessoas. O cheiro adocicado e quente da canela promove uma sensa\u00e7\u00e3o de conforto e seguran\u00e7a imediata ao entrar no lar.<\/p>\n\n\n\n<p>Ambientes perfumados reduzem o estresse e criam uma atmosfera convidativa para reuni\u00f5es sociais e momentos de descanso. A manuten\u00e7\u00e3o dessa rotina arom\u00e1tica refor\u00e7a a identidade positiva do lar e o prazer de habitar o espa\u00e7o.<\/p>\n\n\n\n<figure class=\"wp-block-image size-large\"><img decoding=\"async\" width=\"1024\" height=\"576\" src=\"https:\/\/www.uai.com.br\/uainoticias\/wp-content\/uploads\/2026\/04\/Canela-em-po-na-porta-3-1024x576.jpg\" alt=\"\" class=\"wp-image-126079\" srcset=\"https:\/\/www.uai.com.br\/uainoticias\/wp-content\/uploads\/2026\/04\/Canela-em-po-na-porta-3-1024x576.jpg 1024w, https:\/\/www.uai.com.br\/uainoticias\/wp-content\/uploads\/2026\/04\/Canela-em-po-na-porta-3-300x169.jpg 300w, https:\/\/www.uai.com.br\/uainoticias\/wp-content\/uploads\/2026\/04\/Canela-em-po-na-porta-3-768x432.jpg 768w, https:\/\/www.uai.com.br\/uainoticias\/wp-content\/uploads\/2026\/04\/Canela-em-po-na-porta-3-750x422.jpg 750w, https:\/\/www.uai.com.br\/uainoticias\/wp-content\/uploads\/2026\/04\/Canela-em-po-na-porta-3-1140x641.jpg 1140w, https:\/\/www.uai.com.br\/uainoticias\/wp-content\/uploads\/2026\/04\/Canela-em-po-na-porta-3.jpg 1280w\" sizes=\"(max-width: 1024px) 100vw, 1024px\" \/><figcaption class=\"wp-element-caption\">Estabele\u00e7a marcos temporais na sua rotina que organizam o cotidiano e transformam a entrada da casa em um portal de hospitalidade e zelo &#8211; Cr\u00e9ditos: Imagem Ilustrativa<\/figcaption><\/figure>\n\n\n\n<p>Leia tamb\u00e9m: <strong><a href=\"https:\/\/www.uai.com.br\/uainoticias\/2026\/04\/21\/como-limpar-o-filtro-do-ar-condicionado-em-casa-veja-como-deixa-lo-sem-poeira-e-eficiente-como-no-primeiro-dia\/\" target=\"_blank\" rel=\"noreferrer noopener\">Como limpar o filtro do ar-condicionado em casa: veja como deix\u00e1-lo sem poeira e eficiente como no primeiro dia &#8211; UAI Not\u00edcias<\/a><\/strong><\/p>\n\n\n\n<h2 class=\"wp-block-heading\">Quais s\u00e3o as especifica\u00e7\u00f5es t\u00e9cnicas deste elemento natural para o ambiente?<\/h2>\n\n\n\n<p>O uso de condimentos naturais para a altera\u00e7\u00e3o da vibra\u00e7\u00e3o ambiental \u00e9 uma pr\u00e1tica que une conhecimentos ancestrais e estudos modernos de psicologia ambiental e design. A escolha da subst\u00e2ncia correta garante que o objetivo de purifica\u00e7\u00e3o e atra\u00e7\u00e3o seja alcan\u00e7ado com efici\u00eancia total para os moradores que buscam harmonia e organiza\u00e7\u00e3o.<\/p>\n\n\n\n<p>Veja as especifica\u00e7\u00f5es t\u00e9cnicas deste elemento natural para a ambienta\u00e7\u00e3o:<\/p>\n\n\n\n<figure class=\"wp-block-image size-large\"><img decoding=\"async\" width=\"1024\" height=\"498\" src=\"https:\/\/www.uai.com.br\/uainoticias\/wp-content\/uploads\/2026\/04\/Canela-em-po-na-porta-tabela-1024x498.jpg\" alt=\"\" class=\"wp-image-126061\" srcset=\"https:\/\/www.uai.com.br\/uainoticias\/wp-content\/uploads\/2026\/04\/Canela-em-po-na-porta-tabela-1024x498.jpg 1024w, https:\/\/www.uai.com.br\/uainoticias\/wp-content\/uploads\/2026\/04\/Canela-em-po-na-porta-tabela-300x146.jpg 300w, https:\/\/www.uai.com.br\/uainoticias\/wp-content\/uploads\/2026\/04\/Canela-em-po-na-porta-tabela-768x374.jpg 768w, https:\/\/www.uai.com.br\/uainoticias\/wp-content\/uploads\/2026\/04\/Canela-em-po-na-porta-tabela-750x365.jpg 750w, https:\/\/www.uai.com.br\/uainoticias\/wp-content\/uploads\/2026\/04\/Canela-em-po-na-porta-tabela-1140x555.jpg 1140w, https:\/\/www.uai.com.br\/uainoticias\/wp-content\/uploads\/2026\/04\/Canela-em-po-na-porta-tabela.jpg 1280w\" sizes=\"(max-width: 1024px) 100vw, 1024px\" \/><\/figure>\n\n\n\n<h2 class=\"wp-block-heading\">Qual \u00e9 o impacto de manter tradi\u00e7\u00f5es simb\u00f3licas na organiza\u00e7\u00e3o do lar?<\/h2>\n\n\n\n<p>Pr\u00e1ticas ritual\u00edsticas ajudam a estabelecer marcos temporais que organizam a rotina e trazem sentido para o in\u00edcio de cada m\u00eas. Elas funcionam como um lembrete visual e sensorial das metas estabelecidas para o futuro da fam\u00edlia.<\/p>\n\n\n\n<p>Cuidar da entrada da resid\u00eancia demonstra zelo e aten\u00e7\u00e3o aos detalhes que comp\u00f5em a hospitalidade e a organiza\u00e7\u00e3o. O equil\u00edbrio entre o pragmatismo e o simbolismo cria um ambiente equilibrado e prop\u00edcio para o sucesso.<\/p>\n","protected":false},"excerpt":{"rendered":"<p>A pr\u00e1tica de soprar especiarias na entrada das resid\u00eancias \u00e9 uma tradi\u00e7\u00e3o popular que busca atrair prosperidade e renova\u00e7\u00e3o energ\u00e9tica para o ambiente. Esse ritual simb\u00f3lico ocorre mensalmente para marcar o in\u00edcio de novos ciclos e fortalecer a inten\u00e7\u00e3o de abund\u00e2ncia no Brasil. Qual \u00e9 o significado simb\u00f3lico de soprar canela no primeiro dia do [&hellip;]<\/p>\n","protected":false},"author":29,"featured_media":126077,"comment_status":"open","ping_status":"open","sticky":false,"template":"","format":"standard","meta":{"jnews-multi-image_gallery":[],"jnews_single_post":{"format":"standard"},"jnews_primary_category":[],"jnews_social_meta":[],"jnews_override_counter":[],"footnotes":""},"categories":[11600],"tags":[938,1962,1795],"class_list":["post-126041","post","type-post","status-publish","format-standard","has-post-thumbnail","hentry","category-dicas-de-casa","tag-canela","tag-casa","tag-prosperidade"],"yoast_head":"<!-- This site is optimized with the Yoast SEO plugin v26.5 - https:\/\/yoast.com\/wordpress\/plugins\/seo\/ -->\n<title>Soprar canela em p\u00f3 na porta de entrada no primeiro dia do m\u00eas: para que serve e por que recomendam - UAI Not\u00edcias<\/title>\n<meta name=\"description\" content=\"Aproveite a conex\u00e3o do olfato com o sistema l\u00edmbico para promover sensa\u00e7\u00f5es imediatas de conforto e seguran\u00e7a ao cruzar a soleira\" \/>\n<meta name=\"robots\" content=\"index, follow, max-snippet:-1, max-image-preview:large, max-video-preview:-1\" \/>\n<link rel=\"canonical\" href=\"https:\/\/www.uai.com.br\/uainoticias\/2026\/04\/27\/soprar-canela-em-po-na-porta-de-entrada-no-primeiro-dia-do-mes-para-que-serve-e-por-que-recomendam\/\" \/>\n<meta property=\"og:locale\" content=\"pt_BR\" \/>\n<meta property=\"og:type\" content=\"article\" \/>\n<meta property=\"og:title\" content=\"Soprar canela em p\u00f3 na porta de entrada no primeiro dia do m\u00eas: para que serve e por que recomendam - UAI Not\u00edcias\" \/>\n<meta property=\"og:description\" content=\"Aproveite a conex\u00e3o do olfato com o sistema l\u00edmbico para promover sensa\u00e7\u00f5es imediatas de conforto e seguran\u00e7a ao cruzar a soleira\" \/>\n<meta property=\"og:url\" content=\"https:\/\/www.uai.com.br\/uainoticias\/2026\/04\/27\/soprar-canela-em-po-na-porta-de-entrada-no-primeiro-dia-do-mes-para-que-serve-e-por-que-recomendam\/\" \/>\n<meta property=\"og:site_name\" content=\"UAI Not\u00edcias\" \/>\n<meta property=\"article:published_time\" content=\"2026-04-27T21:20:00+00:00\" \/>\n<meta property=\"og:image\" content=\"https:\/\/www.uai.com.br\/uainoticias\/wp-content\/uploads\/2026\/04\/Canela-em-po-na-porta-1.jpg\" \/>\n\t<meta property=\"og:image:width\" content=\"1280\" \/>\n\t<meta property=\"og:image:height\" content=\"720\" \/>\n\t<meta property=\"og:image:type\" content=\"image\/jpeg\" \/>\n<meta name=\"author\" content=\"Leonardo Nunes\" \/>\n<meta name=\"twitter:card\" content=\"summary_large_image\" \/>\n<meta name=\"twitter:label1\" content=\"Escrito por\" \/>\n\t<meta name=\"twitter:data1\" content=\"Leonardo Nunes\" \/>\n\t<meta name=\"twitter:label2\" content=\"Est. tempo de leitura\" \/>\n\t<meta name=\"twitter:data2\" content=\"5 minutos\" \/>\n<!-- \/ Yoast SEO plugin. -->","yoast_head_json":{"title":"Soprar canela em p\u00f3 na porta de entrada no primeiro dia do m\u00eas: para que serve e por que recomendam - UAI Not\u00edcias","description":"Aproveite a conex\u00e3o do olfato com o sistema l\u00edmbico para promover sensa\u00e7\u00f5es imediatas de conforto e seguran\u00e7a ao cruzar a soleira","robots":{"index":"index","follow":"follow","max-snippet":"max-snippet:-1","max-image-preview":"max-image-preview:large","max-video-preview":"max-video-preview:-1"},"canonical":"https:\/\/www.uai.com.br\/uainoticias\/2026\/04\/27\/soprar-canela-em-po-na-porta-de-entrada-no-primeiro-dia-do-mes-para-que-serve-e-por-que-recomendam\/","og_locale":"pt_BR","og_type":"article","og_title":"Soprar canela em p\u00f3 na porta de entrada no primeiro dia do m\u00eas: para que serve e por que recomendam - UAI Not\u00edcias","og_description":"Aproveite a conex\u00e3o do olfato com o sistema l\u00edmbico para promover sensa\u00e7\u00f5es imediatas de conforto e seguran\u00e7a ao cruzar a soleira","og_url":"https:\/\/www.uai.com.br\/uainoticias\/2026\/04\/27\/soprar-canela-em-po-na-porta-de-entrada-no-primeiro-dia-do-mes-para-que-serve-e-por-que-recomendam\/","og_site_name":"UAI Not\u00edcias","article_published_time":"2026-04-27T21:20:00+00:00","og_image":[{"width":1280,"height":720,"url":"https:\/\/www.uai.com.br\/uainoticias\/wp-content\/uploads\/2026\/04\/Canela-em-po-na-porta-1.jpg","type":"image\/jpeg"}],"author":"Leonardo Nunes","twitter_card":"summary_large_image","twitter_misc":{"Escrito por":"Leonardo Nunes","Est. tempo de leitura":"5 minutos"},"schema":{"@context":"https:\/\/schema.org","@graph":[{"@type":"WebPage","@id":"https:\/\/www.uai.com.br\/uainoticias\/2026\/04\/27\/soprar-canela-em-po-na-porta-de-entrada-no-primeiro-dia-do-mes-para-que-serve-e-por-que-recomendam\/","url":"https:\/\/www.uai.com.br\/uainoticias\/2026\/04\/27\/soprar-canela-em-po-na-porta-de-entrada-no-primeiro-dia-do-mes-para-que-serve-e-por-que-recomendam\/","name":"Soprar canela em p\u00f3 na porta de entrada no primeiro dia do m\u00eas: para que serve e por que recomendam - UAI Not\u00edcias","isPartOf":{"@id":"https:\/\/www.uai.com.br\/uainoticias\/#website"},"primaryImageOfPage":{"@id":"https:\/\/www.uai.com.br\/uainoticias\/2026\/04\/27\/soprar-canela-em-po-na-porta-de-entrada-no-primeiro-dia-do-mes-para-que-serve-e-por-que-recomendam\/#primaryimage"},"image":{"@id":"https:\/\/www.uai.com.br\/uainoticias\/2026\/04\/27\/soprar-canela-em-po-na-porta-de-entrada-no-primeiro-dia-do-mes-para-que-serve-e-por-que-recomendam\/#primaryimage"},"thumbnailUrl":"https:\/\/www.uai.com.br\/uainoticias\/wp-content\/uploads\/2026\/04\/Canela-em-po-na-porta-1.jpg","datePublished":"2026-04-27T21:20:00+00:00","author":{"@id":"https:\/\/www.uai.com.br\/uainoticias\/#\/schema\/person\/f57cbcb79cae89ff53b4e2a7511676fb"},"description":"Aproveite a conex\u00e3o do olfato com o sistema l\u00edmbico para promover sensa\u00e7\u00f5es imediatas de conforto e seguran\u00e7a ao cruzar a soleira","breadcrumb":{"@id":"https:\/\/www.uai.com.br\/uainoticias\/2026\/04\/27\/soprar-canela-em-po-na-porta-de-entrada-no-primeiro-dia-do-mes-para-que-serve-e-por-que-recomendam\/#breadcrumb"},"inLanguage":"pt-BR","potentialAction":[{"@type":"ReadAction","target":["https:\/\/www.uai.com.br\/uainoticias\/2026\/04\/27\/soprar-canela-em-po-na-porta-de-entrada-no-primeiro-dia-do-mes-para-que-serve-e-por-que-recomendam\/"]}]},{"@type":"ImageObject","inLanguage":"pt-BR","@id":"https:\/\/www.uai.com.br\/uainoticias\/2026\/04\/27\/soprar-canela-em-po-na-porta-de-entrada-no-primeiro-dia-do-mes-para-que-serve-e-por-que-recomendam\/#primaryimage","url":"https:\/\/www.uai.com.br\/uainoticias\/wp-content\/uploads\/2026\/04\/Canela-em-po-na-porta-1.jpg","contentUrl":"https:\/\/www.uai.com.br\/uainoticias\/wp-content\/uploads\/2026\/04\/Canela-em-po-na-porta-1.jpg","width":1280,"height":720,"caption":"Fortale\u00e7a a inten\u00e7\u00e3o de abund\u00e2ncia e renova\u00e7\u00e3o energ\u00e9tica utilizando rituais simb\u00f3licos que marcam o in\u00edcio de novos ciclos mensais no seu ambiente - Cr\u00e9ditos: Imagem Ilustrativa"},{"@type":"BreadcrumbList","@id":"https:\/\/www.uai.com.br\/uainoticias\/2026\/04\/27\/soprar-canela-em-po-na-porta-de-entrada-no-primeiro-dia-do-mes-para-que-serve-e-por-que-recomendam\/#breadcrumb","itemListElement":[{"@type":"ListItem","position":1,"name":"In\u00edcio","item":"https:\/\/www.uai.com.br\/uainoticias\/"},{"@type":"ListItem","position":2,"name":"Soprar canela em p\u00f3 na porta de entrada no primeiro dia do m\u00eas: para que serve e por que recomendam"}]},{"@type":"WebSite","@id":"https:\/\/www.uai.com.br\/uainoticias\/#website","url":"https:\/\/www.uai.com.br\/uainoticias\/","name":"UAI Not\u00edcias","description":"Acompanhe as \u00faltimas not\u00edcias e fique bem informado sobre tudo o que acontece no Brasil e no mundo.","potentialAction":[{"@type":"SearchAction","target":{"@type":"EntryPoint","urlTemplate":"https:\/\/www.uai.com.br\/uainoticias\/?s={search_term_string}"},"query-input":{"@type":"PropertyValueSpecification","valueRequired":true,"valueName":"search_term_string"}}],"inLanguage":"pt-BR"},{"@type":"Person","@id":"https:\/\/www.uai.com.br\/uainoticias\/#\/schema\/person\/f57cbcb79cae89ff53b4e2a7511676fb","name":"Leonardo Nunes","image":{"@type":"ImageObject","inLanguage":"pt-BR","@id":"https:\/\/www.uai.com.br\/uainoticias\/#\/schema\/person\/image\/","url":"https:\/\/secure.gravatar.com\/avatar\/bcbad95ea1da2f5458464789977fbb5ca8a5da4f7f82d946c83505ef5f769a9c?s=96&d=mm&r=g","contentUrl":"https:\/\/secure.gravatar.com\/avatar\/bcbad95ea1da2f5458464789977fbb5ca8a5da4f7f82d946c83505ef5f769a9c?s=96&d=mm&r=g","caption":"Leonardo Nunes"},"sameAs":["https:\/\/www.uai.com.br\/uainoticias\/"],"url":"https:\/\/www.uai.com.br\/uainoticias\/author\/leonardo-nunes\/"}]}},"_links":{"self":[{"href":"https:\/\/www.uai.com.br\/uainoticias\/wp-json\/wp\/v2\/posts\/126041","targetHints":{"allow":["GET"]}}],"collection":[{"href":"https:\/\/www.uai.com.br\/uainoticias\/wp-json\/wp\/v2\/posts"}],"about":[{"href":"https:\/\/www.uai.com.br\/uainoticias\/wp-json\/wp\/v2\/types\/post"}],"author":[{"embeddable":true,"href":"https:\/\/www.uai.com.br\/uainoticias\/wp-json\/wp\/v2\/users\/29"}],"replies":[{"embeddable":true,"href":"https:\/\/www.uai.com.br\/uainoticias\/wp-json\/wp\/v2\/comments?post=126041"}],"version-history":[{"count":2,"href":"https:\/\/www.uai.com.br\/uainoticias\/wp-json\/wp\/v2\/posts\/126041\/revisions"}],"predecessor-version":[{"id":126081,"href":"https:\/\/www.uai.com.br\/uainoticias\/wp-json\/wp\/v2\/posts\/126041\/revisions\/126081"}],"wp:featuredmedia":[{"embeddable":true,"href":"https:\/\/www.uai.com.br\/uainoticias\/wp-json\/wp\/v2\/media\/126077"}],"wp:attachment":[{"href":"https:\/\/www.uai.com.br\/uainoticias\/wp-json\/wp\/v2\/media?parent=126041"}],"wp:term":[{"taxonomy":"category","embeddable":true,"href":"https:\/\/www.uai.com.br\/uainoticias\/wp-json\/wp\/v2\/categories?post=126041"},{"taxonomy":"post_tag","embeddable":true,"href":"https:\/\/www.uai.com.br\/uainoticias\/wp-json\/wp\/v2\/tags?post=126041"}],"curies":[{"name":"wp","href":"https:\/\/api.w.org\/{rel}","templated":true}]}}