{"id":125625,"date":"2026-04-27T19:20:00","date_gmt":"2026-04-27T22:20:00","guid":{"rendered":"https:\/\/www.uai.com.br\/uainoticias\/?p=125625"},"modified":"2026-04-21T00:42:24","modified_gmt":"2026-04-21T03:42:24","slug":"a-orquidea-de-frio-que-nao-precisa-ser-pendurada-em-arvores-e-tem-impressionado-ao-florescer-perfeitamente-no-chao-do-quintal","status":"publish","type":"post","link":"https:\/\/www.uai.com.br\/uainoticias\/2026\/04\/27\/a-orquidea-de-frio-que-nao-precisa-ser-pendurada-em-arvores-e-tem-impressionado-ao-florescer-perfeitamente-no-chao-do-quintal\/","title":{"rendered":"A orqu\u00eddea de frio que n\u00e3o precisa ser pendurada em \u00e1rvores e tem impressionado ao florescer perfeitamente no ch\u00e3o do quintal"},"content":{"rendered":"\n<p>A <strong>orqu\u00eddea<\/strong> <strong>Cymbidium<\/strong> tem conquistado jardineiros por sua capacidade \u00fanica de se desenvolver diretamente no solo ou em vasos pesados. Diferente das ep\u00edfitas, ela aprecia climas amenos e oferece flora\u00e7\u00f5es espetaculares no <strong>Brasil<\/strong>.<\/p>\n\n\n\n<h2 class=\"wp-block-heading\">Por que a Cymbidium \u00e9 considerada uma orqu\u00eddea de ch\u00e3o?<\/h2>\n\n\n\n<p>Ao contr\u00e1rio das esp\u00e9cies que vivem em troncos, esta planta possui h\u00e1bitos terrestres ou semiterrestres em seu habitat natural. Suas ra\u00edzes s\u00e3o mais robustas e preparadas para buscar nutrientes em substratos densos e ricos em mat\u00e9ria org\u00e2nica.<\/p>\n\n\n\n<p>Essa caracter\u00edstica permite que ela seja cultivada diretamente em canteiros ou vasos grandes no quintal de casas brasileiras. O desenvolvimento vigoroso de seus pseudobulbos garante uma reserva de energia essencial para suportar varia\u00e7\u00f5es clim\u00e1ticas.<\/p>\n\n\n\n<figure class=\"wp-block-image size-large\"><img decoding=\"async\" width=\"1024\" height=\"576\" src=\"https:\/\/www.uai.com.br\/uainoticias\/wp-content\/uploads\/2026\/04\/Orquidea-Cymbidium-2-1024x576.jpg\" alt=\"\" class=\"wp-image-125661\" srcset=\"https:\/\/www.uai.com.br\/uainoticias\/wp-content\/uploads\/2026\/04\/Orquidea-Cymbidium-2-1024x576.jpg 1024w, https:\/\/www.uai.com.br\/uainoticias\/wp-content\/uploads\/2026\/04\/Orquidea-Cymbidium-2-300x169.jpg 300w, https:\/\/www.uai.com.br\/uainoticias\/wp-content\/uploads\/2026\/04\/Orquidea-Cymbidium-2-768x432.jpg 768w, https:\/\/www.uai.com.br\/uainoticias\/wp-content\/uploads\/2026\/04\/Orquidea-Cymbidium-2-750x422.jpg 750w, https:\/\/www.uai.com.br\/uainoticias\/wp-content\/uploads\/2026\/04\/Orquidea-Cymbidium-2-1140x641.jpg 1140w, https:\/\/www.uai.com.br\/uainoticias\/wp-content\/uploads\/2026\/04\/Orquidea-Cymbidium-2.jpg 1280w\" sizes=\"(max-width: 1024px) 100vw, 1024px\" \/><figcaption class=\"wp-element-caption\">Aproveite o clima ameno e as noites frias para estimular flora\u00e7\u00f5es espetaculares com hastes vibrantes e cores intensas em sua resid\u00eancia &#8211; Cr\u00e9ditos: Imagem Ilustrativa<\/figcaption><\/figure>\n\n\n\n<p>Leia tamb\u00e9m: <strong><a href=\"https:\/\/www.uai.com.br\/uainoticias\/2026\/03\/12\/sem-fertilizantes-ou-podas-o-truque-simples-de-jardinagem-para-evitar-que-as-plantas-de-interior-murchem\/\" target=\"_blank\" rel=\"noreferrer noopener\">Sem fertilizantes ou podas: o truque simples de jardinagem para evitar que as plantas de interior murchem &#8211; UAI Not\u00edcias<\/a><\/strong><\/p>\n\n\n\n<h2 class=\"wp-block-heading\">Quais s\u00e3o as exig\u00eancias clim\u00e1ticas para esta planta florescer?<\/h2>\n\n\n\n<p>O segredo para o sucesso desta flor reside na diferen\u00e7a de temperatura entre o dia e a noite durante o inverno. No <strong>Brasil<\/strong>, as regi\u00f5es de maior altitude ou o <strong>Sul<\/strong> oferecem o ambiente ideal para que as hastes florais surjam com for\u00e7a e cores vibrantes.<\/p>\n\n\n\n<p>Confira os dados t\u00e9cnicos sobre o ambiente preferido para o cultivo desta esp\u00e9cie ex\u00f3tica:<\/p>\n\n\n\n<figure class=\"wp-block-image size-large\"><img decoding=\"async\" width=\"1024\" height=\"498\" src=\"https:\/\/www.uai.com.br\/uainoticias\/wp-content\/uploads\/2026\/04\/Orquidea-Cymbidium-tabela-1024x498.jpg\" alt=\"\" class=\"wp-image-125647\" srcset=\"https:\/\/www.uai.com.br\/uainoticias\/wp-content\/uploads\/2026\/04\/Orquidea-Cymbidium-tabela-1024x498.jpg 1024w, https:\/\/www.uai.com.br\/uainoticias\/wp-content\/uploads\/2026\/04\/Orquidea-Cymbidium-tabela-300x146.jpg 300w, https:\/\/www.uai.com.br\/uainoticias\/wp-content\/uploads\/2026\/04\/Orquidea-Cymbidium-tabela-768x374.jpg 768w, https:\/\/www.uai.com.br\/uainoticias\/wp-content\/uploads\/2026\/04\/Orquidea-Cymbidium-tabela-750x365.jpg 750w, https:\/\/www.uai.com.br\/uainoticias\/wp-content\/uploads\/2026\/04\/Orquidea-Cymbidium-tabela-1140x555.jpg 1140w, https:\/\/www.uai.com.br\/uainoticias\/wp-content\/uploads\/2026\/04\/Orquidea-Cymbidium-tabela.jpg 1280w\" sizes=\"(max-width: 1024px) 100vw, 1024px\" \/><\/figure>\n\n\n\n<h2 class=\"wp-block-heading\">Como preparar o substrato ideal para o plantio no quintal?<\/h2>\n\n\n\n<p>O solo deve ser poroso e capaz de drenar a \u00e1gua rapidamente para evitar o apodrecimento das ra\u00edzes profundas. Misturar componentes org\u00e2nicos com materiais inertes ajuda a criar a textura perfeita para o desenvolvimento saud\u00e1vel dos novos brotos laterais da planta.<\/p>\n\n\n\n<p>Siga as recomenda\u00e7\u00f5es b\u00e1sicas para montar um substrato eficiente para sua orqu\u00eddea de jardim:<\/p>\n\n\n\n<ul class=\"wp-block-list\">\n<li>Mistura de terra vegetal com casca de pinus m\u00e9dia.<\/li>\n\n\n\n<li>Adi\u00e7\u00e3o de areia grossa para facilitar a drenagem.<\/li>\n\n\n\n<li>Uso de h\u00famus de minhoca para nutri\u00e7\u00e3o prolongada.<\/li>\n\n\n\n<li>Camada de brita no fundo para evitar o encharcamento.<\/li>\n<\/ul>\n\n\n\n<h2 class=\"wp-block-heading\">Qual a import\u00e2ncia da ilumina\u00e7\u00e3o no desenvolvimento das hastes?<\/h2>\n\n\n\n<p>A <strong>Cymbidium<\/strong> necessita de muita claridade para produzir as subst\u00e2ncias necess\u00e1rias para a flora\u00e7\u00e3o anual. Folhas muito escuras indicam falta de luz, enquanto folhas amareladas sinalizam que a exposi\u00e7\u00e3o solar est\u00e1 excessiva para o vegetal.<\/p>\n\n\n\n<p>O ideal \u00e9 posicionar o vaso em um local que receba o sol da manh\u00e3 ou luz filtrada por \u00e1rvores maiores. Esse equil\u00edbrio protege as p\u00e9talas delicadas e garante que a planta mantenha sua cor verde vibrante e saud\u00e1vel durante todo o ano.<\/p>\n\n\n\n<p>Assista ao v\u00eddeo do canal <strong>Spagnhol Plantas<\/strong>, apresentado por <strong>Murilo Soares<\/strong>, com <strong>1,69 milh\u00e3o<\/strong> de inscritos. O v\u00eddeo \u00e9 um guia detalhado sobre a <strong>Orqu\u00eddea Cymbidium<\/strong>, revelando os segredos para faz\u00ea-la florescer, com foco especial na necessidade de oscila\u00e7\u00e3o de temperatura (choque t\u00e9rmico) e na luminosidade correta, al\u00e9m de dicas de aduba\u00e7\u00e3o espec\u00edficas para esta esp\u00e9cie que adora climas mais amenos:<\/p>\n\n\n\n<figure class=\"wp-block-embed is-type-video is-provider-youtube wp-block-embed-youtube wp-embed-aspect-16-9 wp-has-aspect-ratio\"><div class=\"wp-block-embed__wrapper\">\n<div class=\"jeg_video_container jeg_video_content\"><iframe loading=\"lazy\" title=\"ORQU\u00cdDEA CYMBIDIUM | COMO FORESCER\" width=\"500\" height=\"281\" src=\"https:\/\/www.youtube.com\/embed\/buME_tqQpbM?feature=oembed\" frameborder=\"0\" allow=\"accelerometer; autoplay; clipboard-write; encrypted-media; gyroscope; picture-in-picture; web-share\" referrerpolicy=\"strict-origin-when-cross-origin\" allowfullscreen><\/iframe><\/div>\n<\/div><\/figure>\n\n\n\n<p>Leia tamb\u00e9m: <strong><a href=\"https:\/\/www.uai.com.br\/uainoticias\/2026\/03\/14\/a-planta-quase-impossivel-de-matar-que-virou-queridinha-de-quem-comeca-na-jardinagem\/\" target=\"_blank\" rel=\"noreferrer noopener\">A planta quase imposs\u00edvel de matar que virou queridinha de quem come\u00e7a na jardinagem &#8211; UAI Not\u00edcias<\/a><\/strong><\/p>\n\n\n\n<h2 class=\"wp-block-heading\">Como realizar a rega sem comprometer a sa\u00fade das ra\u00edzes?<\/h2>\n\n\n\n<p>A frequ\u00eancia da irriga\u00e7\u00e3o deve acompanhar a secagem do substrato, evitando que a planta fique totalmente seca por longos per\u00edodos. Durante o ver\u00e3o, a demanda por \u00e1gua aumenta significativamente devido \u00e0 evapora\u00e7\u00e3o r\u00e1pida em \u00e1reas externas.<\/p>\n\n\n\n<p>No inverno, as regas devem ser reduzidas para respeitar o per\u00edodo de dorm\u00eancia e indu\u00e7\u00e3o floral da esp\u00e9cie. Molhar apenas a base evita o surgimento de fungos nas folhas e garante uma planta vigorosa por muitos anos em sua resid\u00eancia.<\/p>\n","protected":false},"excerpt":{"rendered":"<p>A orqu\u00eddea Cymbidium tem conquistado jardineiros por sua capacidade \u00fanica de se desenvolver diretamente no solo ou em vasos pesados. Diferente das ep\u00edfitas, ela aprecia climas amenos e oferece flora\u00e7\u00f5es espetaculares no Brasil. Por que a Cymbidium \u00e9 considerada uma orqu\u00eddea de ch\u00e3o? Ao contr\u00e1rio das esp\u00e9cies que vivem em troncos, esta planta possui h\u00e1bitos [&hellip;]<\/p>\n","protected":false},"author":29,"featured_media":125659,"comment_status":"open","ping_status":"open","sticky":false,"template":"","format":"standard","meta":{"jnews-multi-image_gallery":[],"jnews_single_post":{"format":"standard"},"jnews_primary_category":[],"jnews_social_meta":[],"jnews_override_counter":[],"footnotes":""},"categories":[11599],"tags":[23162,10645,8105],"class_list":["post-125625","post","type-post","status-publish","format-standard","has-post-thumbnail","hentry","category-jardinagem","tag-cymbidium","tag-florescer","tag-orquidea"],"yoast_head":"<!-- This site is optimized with the Yoast SEO plugin v26.5 - https:\/\/yoast.com\/wordpress\/plugins\/seo\/ -->\n<title>A orqu\u00eddea de frio que n\u00e3o precisa ser pendurada em \u00e1rvores e tem impressionado ao florescer perfeitamente no ch\u00e3o do quintal - UAI Not\u00edcias<\/title>\n<meta name=\"description\" content=\"Cultive orqu\u00eddeas de ch\u00e3o diretamente no jardim usando substratos ricos em mat\u00e9ria org\u00e2nica que suportam o crescimento de ra\u00edzes robustas\" \/>\n<meta name=\"robots\" content=\"index, follow, max-snippet:-1, max-image-preview:large, max-video-preview:-1\" \/>\n<link rel=\"canonical\" href=\"https:\/\/www.uai.com.br\/uainoticias\/2026\/04\/27\/a-orquidea-de-frio-que-nao-precisa-ser-pendurada-em-arvores-e-tem-impressionado-ao-florescer-perfeitamente-no-chao-do-quintal\/\" \/>\n<meta property=\"og:locale\" content=\"pt_BR\" \/>\n<meta property=\"og:type\" content=\"article\" \/>\n<meta property=\"og:title\" content=\"A orqu\u00eddea de frio que n\u00e3o precisa ser pendurada em \u00e1rvores e tem impressionado ao florescer perfeitamente no ch\u00e3o do quintal - UAI Not\u00edcias\" \/>\n<meta property=\"og:description\" content=\"Cultive orqu\u00eddeas de ch\u00e3o diretamente no jardim usando substratos ricos em mat\u00e9ria org\u00e2nica que suportam o crescimento de ra\u00edzes robustas\" \/>\n<meta property=\"og:url\" content=\"https:\/\/www.uai.com.br\/uainoticias\/2026\/04\/27\/a-orquidea-de-frio-que-nao-precisa-ser-pendurada-em-arvores-e-tem-impressionado-ao-florescer-perfeitamente-no-chao-do-quintal\/\" \/>\n<meta property=\"og:site_name\" content=\"UAI Not\u00edcias\" \/>\n<meta property=\"article:published_time\" content=\"2026-04-27T22:20:00+00:00\" \/>\n<meta property=\"og:image\" content=\"https:\/\/www.uai.com.br\/uainoticias\/wp-content\/uploads\/2026\/04\/Orquidea-Cymbidium-1.jpg\" \/>\n\t<meta property=\"og:image:width\" content=\"1280\" \/>\n\t<meta property=\"og:image:height\" content=\"720\" \/>\n\t<meta property=\"og:image:type\" content=\"image\/jpeg\" \/>\n<meta name=\"author\" content=\"Leonardo Nunes\" \/>\n<meta name=\"twitter:card\" content=\"summary_large_image\" \/>\n<meta name=\"twitter:label1\" content=\"Escrito por\" \/>\n\t<meta name=\"twitter:data1\" content=\"Leonardo Nunes\" \/>\n\t<meta name=\"twitter:label2\" content=\"Est. tempo de leitura\" \/>\n\t<meta name=\"twitter:data2\" content=\"4 minutos\" \/>\n<!-- \/ Yoast SEO plugin. -->","yoast_head_json":{"title":"A orqu\u00eddea de frio que n\u00e3o precisa ser pendurada em \u00e1rvores e tem impressionado ao florescer perfeitamente no ch\u00e3o do quintal - UAI Not\u00edcias","description":"Cultive orqu\u00eddeas de ch\u00e3o diretamente no jardim usando substratos ricos em mat\u00e9ria org\u00e2nica que suportam o crescimento de ra\u00edzes robustas","robots":{"index":"index","follow":"follow","max-snippet":"max-snippet:-1","max-image-preview":"max-image-preview:large","max-video-preview":"max-video-preview:-1"},"canonical":"https:\/\/www.uai.com.br\/uainoticias\/2026\/04\/27\/a-orquidea-de-frio-que-nao-precisa-ser-pendurada-em-arvores-e-tem-impressionado-ao-florescer-perfeitamente-no-chao-do-quintal\/","og_locale":"pt_BR","og_type":"article","og_title":"A orqu\u00eddea de frio que n\u00e3o precisa ser pendurada em \u00e1rvores e tem impressionado ao florescer perfeitamente no ch\u00e3o do quintal - UAI Not\u00edcias","og_description":"Cultive orqu\u00eddeas de ch\u00e3o diretamente no jardim usando substratos ricos em mat\u00e9ria org\u00e2nica que suportam o crescimento de ra\u00edzes robustas","og_url":"https:\/\/www.uai.com.br\/uainoticias\/2026\/04\/27\/a-orquidea-de-frio-que-nao-precisa-ser-pendurada-em-arvores-e-tem-impressionado-ao-florescer-perfeitamente-no-chao-do-quintal\/","og_site_name":"UAI Not\u00edcias","article_published_time":"2026-04-27T22:20:00+00:00","og_image":[{"width":1280,"height":720,"url":"https:\/\/www.uai.com.br\/uainoticias\/wp-content\/uploads\/2026\/04\/Orquidea-Cymbidium-1.jpg","type":"image\/jpeg"}],"author":"Leonardo Nunes","twitter_card":"summary_large_image","twitter_misc":{"Escrito por":"Leonardo Nunes","Est. tempo de leitura":"4 minutos"},"schema":{"@context":"https:\/\/schema.org","@graph":[{"@type":"WebPage","@id":"https:\/\/www.uai.com.br\/uainoticias\/2026\/04\/27\/a-orquidea-de-frio-que-nao-precisa-ser-pendurada-em-arvores-e-tem-impressionado-ao-florescer-perfeitamente-no-chao-do-quintal\/","url":"https:\/\/www.uai.com.br\/uainoticias\/2026\/04\/27\/a-orquidea-de-frio-que-nao-precisa-ser-pendurada-em-arvores-e-tem-impressionado-ao-florescer-perfeitamente-no-chao-do-quintal\/","name":"A orqu\u00eddea de frio que n\u00e3o precisa ser pendurada em \u00e1rvores e tem impressionado ao florescer perfeitamente no ch\u00e3o do quintal - UAI Not\u00edcias","isPartOf":{"@id":"https:\/\/www.uai.com.br\/uainoticias\/#website"},"primaryImageOfPage":{"@id":"https:\/\/www.uai.com.br\/uainoticias\/2026\/04\/27\/a-orquidea-de-frio-que-nao-precisa-ser-pendurada-em-arvores-e-tem-impressionado-ao-florescer-perfeitamente-no-chao-do-quintal\/#primaryimage"},"image":{"@id":"https:\/\/www.uai.com.br\/uainoticias\/2026\/04\/27\/a-orquidea-de-frio-que-nao-precisa-ser-pendurada-em-arvores-e-tem-impressionado-ao-florescer-perfeitamente-no-chao-do-quintal\/#primaryimage"},"thumbnailUrl":"https:\/\/www.uai.com.br\/uainoticias\/wp-content\/uploads\/2026\/04\/Orquidea-Cymbidium-1.jpg","datePublished":"2026-04-27T22:20:00+00:00","author":{"@id":"https:\/\/www.uai.com.br\/uainoticias\/#\/schema\/person\/f57cbcb79cae89ff53b4e2a7511676fb"},"description":"Cultive orqu\u00eddeas de ch\u00e3o diretamente no jardim usando substratos ricos em mat\u00e9ria org\u00e2nica que suportam o crescimento de ra\u00edzes robustas","breadcrumb":{"@id":"https:\/\/www.uai.com.br\/uainoticias\/2026\/04\/27\/a-orquidea-de-frio-que-nao-precisa-ser-pendurada-em-arvores-e-tem-impressionado-ao-florescer-perfeitamente-no-chao-do-quintal\/#breadcrumb"},"inLanguage":"pt-BR","potentialAction":[{"@type":"ReadAction","target":["https:\/\/www.uai.com.br\/uainoticias\/2026\/04\/27\/a-orquidea-de-frio-que-nao-precisa-ser-pendurada-em-arvores-e-tem-impressionado-ao-florescer-perfeitamente-no-chao-do-quintal\/"]}]},{"@type":"ImageObject","inLanguage":"pt-BR","@id":"https:\/\/www.uai.com.br\/uainoticias\/2026\/04\/27\/a-orquidea-de-frio-que-nao-precisa-ser-pendurada-em-arvores-e-tem-impressionado-ao-florescer-perfeitamente-no-chao-do-quintal\/#primaryimage","url":"https:\/\/www.uai.com.br\/uainoticias\/wp-content\/uploads\/2026\/04\/Orquidea-Cymbidium-1.jpg","contentUrl":"https:\/\/www.uai.com.br\/uainoticias\/wp-content\/uploads\/2026\/04\/Orquidea-Cymbidium-1.jpg","width":1280,"height":720,"caption":"Cultive orqu\u00eddeas de ch\u00e3o diretamente no jardim usando substratos ricos em mat\u00e9ria org\u00e2nica que suportam o crescimento de ra\u00edzes robustas - Cr\u00e9ditos: Imagem Ilustrativa"},{"@type":"BreadcrumbList","@id":"https:\/\/www.uai.com.br\/uainoticias\/2026\/04\/27\/a-orquidea-de-frio-que-nao-precisa-ser-pendurada-em-arvores-e-tem-impressionado-ao-florescer-perfeitamente-no-chao-do-quintal\/#breadcrumb","itemListElement":[{"@type":"ListItem","position":1,"name":"In\u00edcio","item":"https:\/\/www.uai.com.br\/uainoticias\/"},{"@type":"ListItem","position":2,"name":"A orqu\u00eddea de frio que n\u00e3o precisa ser pendurada em \u00e1rvores e tem impressionado ao florescer perfeitamente no ch\u00e3o do quintal"}]},{"@type":"WebSite","@id":"https:\/\/www.uai.com.br\/uainoticias\/#website","url":"https:\/\/www.uai.com.br\/uainoticias\/","name":"UAI Not\u00edcias","description":"Acompanhe as \u00faltimas not\u00edcias e fique bem informado sobre tudo o que acontece no Brasil e no mundo.","potentialAction":[{"@type":"SearchAction","target":{"@type":"EntryPoint","urlTemplate":"https:\/\/www.uai.com.br\/uainoticias\/?s={search_term_string}"},"query-input":{"@type":"PropertyValueSpecification","valueRequired":true,"valueName":"search_term_string"}}],"inLanguage":"pt-BR"},{"@type":"Person","@id":"https:\/\/www.uai.com.br\/uainoticias\/#\/schema\/person\/f57cbcb79cae89ff53b4e2a7511676fb","name":"Leonardo Nunes","image":{"@type":"ImageObject","inLanguage":"pt-BR","@id":"https:\/\/www.uai.com.br\/uainoticias\/#\/schema\/person\/image\/","url":"https:\/\/secure.gravatar.com\/avatar\/bcbad95ea1da2f5458464789977fbb5ca8a5da4f7f82d946c83505ef5f769a9c?s=96&d=mm&r=g","contentUrl":"https:\/\/secure.gravatar.com\/avatar\/bcbad95ea1da2f5458464789977fbb5ca8a5da4f7f82d946c83505ef5f769a9c?s=96&d=mm&r=g","caption":"Leonardo Nunes"},"sameAs":["https:\/\/www.uai.com.br\/uainoticias\/"],"url":"https:\/\/www.uai.com.br\/uainoticias\/author\/leonardo-nunes\/"}]}},"_links":{"self":[{"href":"https:\/\/www.uai.com.br\/uainoticias\/wp-json\/wp\/v2\/posts\/125625","targetHints":{"allow":["GET"]}}],"collection":[{"href":"https:\/\/www.uai.com.br\/uainoticias\/wp-json\/wp\/v2\/posts"}],"about":[{"href":"https:\/\/www.uai.com.br\/uainoticias\/wp-json\/wp\/v2\/types\/post"}],"author":[{"embeddable":true,"href":"https:\/\/www.uai.com.br\/uainoticias\/wp-json\/wp\/v2\/users\/29"}],"replies":[{"embeddable":true,"href":"https:\/\/www.uai.com.br\/uainoticias\/wp-json\/wp\/v2\/comments?post=125625"}],"version-history":[{"count":2,"href":"https:\/\/www.uai.com.br\/uainoticias\/wp-json\/wp\/v2\/posts\/125625\/revisions"}],"predecessor-version":[{"id":125663,"href":"https:\/\/www.uai.com.br\/uainoticias\/wp-json\/wp\/v2\/posts\/125625\/revisions\/125663"}],"wp:featuredmedia":[{"embeddable":true,"href":"https:\/\/www.uai.com.br\/uainoticias\/wp-json\/wp\/v2\/media\/125659"}],"wp:attachment":[{"href":"https:\/\/www.uai.com.br\/uainoticias\/wp-json\/wp\/v2\/media?parent=125625"}],"wp:term":[{"taxonomy":"category","embeddable":true,"href":"https:\/\/www.uai.com.br\/uainoticias\/wp-json\/wp\/v2\/categories?post=125625"},{"taxonomy":"post_tag","embeddable":true,"href":"https:\/\/www.uai.com.br\/uainoticias\/wp-json\/wp\/v2\/tags?post=125625"}],"curies":[{"name":"wp","href":"https:\/\/api.w.org\/{rel}","templated":true}]}}