{"id":125623,"date":"2026-04-27T17:20:00","date_gmt":"2026-04-27T20:20:00","guid":{"rendered":"https:\/\/www.uai.com.br\/uainoticias\/?p=125623"},"modified":"2026-04-21T00:38:55","modified_gmt":"2026-04-21T03:38:55","slug":"como-podar-o-manjericao-para-obter-mais-folhas-cortando-as-pontas-assim-que-as-primeiras-flores-comecarem-a-nascer","status":"publish","type":"post","link":"https:\/\/www.uai.com.br\/uainoticias\/2026\/04\/27\/como-podar-o-manjericao-para-obter-mais-folhas-cortando-as-pontas-assim-que-as-primeiras-flores-comecarem-a-nascer\/","title":{"rendered":"Como podar o manjeric\u00e3o para obter mais folhas cortando as pontas assim que as primeiras flores come\u00e7arem a nascer"},"content":{"rendered":"\n<p>A poda constante do manjeric\u00e3o \u00e9 fundamental para manter a produ\u00e7\u00e3o de folhas jovens e arom\u00e1ticas por mais tempo em sua horta. Ao remover as flores precoces, o cultivador evita que a planta encerre precocemente o seu ciclo de vida.<\/p>\n\n\n\n<h2 class=\"wp-block-heading\">Por que \u00e9 necess\u00e1rio cortar as flores do manjeric\u00e3o para colher mais folhas?<\/h2>\n\n\n\n<p>O surgimento das flores indica que a erva entrou em sua fase reprodutiva, priorizando a semente em vez da folhagem. Esse processo altera o sabor das folhas, tornando-as mais amargas e menos suculentas para o consumo.<\/p>\n\n\n\n<p>Ao realizar o corte das pontas, a energia do vegetal \u00e9 redirecionada para o crescimento de novos ramos laterais. Isso garante um arbusto mais cheio e produtivo para o consumo culin\u00e1rio di\u00e1rio em todo o <strong>Brasil<\/strong>.<\/p>\n\n\n\n<p>Assista ao v\u00eddeo do canal <strong>Meu Peda\u00e7o de Mato<\/strong>, que conta com <strong>21,8 mil<\/strong> inscritos. O v\u00eddeo esclarece a d\u00favida sobre a necessidade de retirar as flores do manjeric\u00e3o, explicando que a poda das flores \u00e9 fundamental para prolongar a vida da planta e manter o sabor das folhas, j\u00e1 que a flora\u00e7\u00e3o consome muita energia e pode tornar o manjeric\u00e3o amargo ou fazer com que ele encerre seu ciclo de vida precocemente:<\/p>\n\n\n\n<figure class=\"wp-block-embed is-type-video is-provider-youtube wp-block-embed-youtube wp-embed-aspect-16-9 wp-has-aspect-ratio\"><div class=\"wp-block-embed__wrapper\">\n<div class=\"jeg_video_container jeg_video_content\"><iframe loading=\"lazy\" title=\"Precisa cortar as flores do Manjeric\u00e3o??? Vou te explicar!\" width=\"500\" height=\"281\" src=\"https:\/\/www.youtube.com\/embed\/9MMMI6qJpZ8?feature=oembed\" frameborder=\"0\" allow=\"accelerometer; autoplay; clipboard-write; encrypted-media; gyroscope; picture-in-picture; web-share\" referrerpolicy=\"strict-origin-when-cross-origin\" allowfullscreen><\/iframe><\/div>\n<\/div><\/figure>\n\n\n\n<p>Leia tamb\u00e9m: <strong><a href=\"https:\/\/www.uai.com.br\/uainoticias\/2026\/03\/12\/sem-fertilizantes-ou-podas-o-truque-simples-de-jardinagem-para-evitar-que-as-plantas-de-interior-murchem\/\" target=\"_blank\" rel=\"noreferrer noopener\">Sem fertilizantes ou podas: o truque simples de jardinagem para evitar que as plantas de interior murchem &#8211; UAI Not\u00edcias<\/a><\/strong><\/p>\n\n\n\n<h2 class=\"wp-block-heading\">Qual \u00e9 a t\u00e9cnica correta para realizar a poda de flora\u00e7\u00e3o no vaso?<\/h2>\n\n\n\n<p>A t\u00e9cnica consiste em identificar o n\u00f3 logo abaixo da infloresc\u00eancia para realizar um corte limpo e preciso. Utilizar ferramentas higienizadas evita a propaga\u00e7\u00e3o de doen\u00e7as f\u00fangicas que podem comprometer a sa\u00fade das ra\u00edzes profundas.<\/p>\n\n\n\n<p>Confira as recomenda\u00e7\u00f5es da <strong>Embrapa<\/strong> para realizar a manuten\u00e7\u00e3o ideal da sua erva arom\u00e1tica:<\/p>\n\n\n\n<figure class=\"wp-block-image size-large\"><img decoding=\"async\" width=\"1024\" height=\"498\" src=\"https:\/\/www.uai.com.br\/uainoticias\/wp-content\/uploads\/2026\/04\/Podar-o-manjericao-tabela-1024x498.jpg\" alt=\"\" class=\"wp-image-125645\" srcset=\"https:\/\/www.uai.com.br\/uainoticias\/wp-content\/uploads\/2026\/04\/Podar-o-manjericao-tabela-1024x498.jpg 1024w, https:\/\/www.uai.com.br\/uainoticias\/wp-content\/uploads\/2026\/04\/Podar-o-manjericao-tabela-300x146.jpg 300w, https:\/\/www.uai.com.br\/uainoticias\/wp-content\/uploads\/2026\/04\/Podar-o-manjericao-tabela-768x374.jpg 768w, https:\/\/www.uai.com.br\/uainoticias\/wp-content\/uploads\/2026\/04\/Podar-o-manjericao-tabela-750x365.jpg 750w, https:\/\/www.uai.com.br\/uainoticias\/wp-content\/uploads\/2026\/04\/Podar-o-manjericao-tabela-1140x555.jpg 1140w, https:\/\/www.uai.com.br\/uainoticias\/wp-content\/uploads\/2026\/04\/Podar-o-manjericao-tabela.jpg 1280w\" sizes=\"(max-width: 1024px) 100vw, 1024px\" \/><\/figure>\n\n\n\n<h2 class=\"wp-block-heading\">Como identificar o momento exato de intervir no crescimento da erva?<\/h2>\n\n\n\n<p>O monitoramento deve ser frequente, pois os bot\u00f5es florais se desenvolvem rapidamente em per\u00edodos de calor intenso. Assim que notar pequenos agrupamentos nas pontas dos galhos, \u00e9 hora de agir para preservar a qualidade nutricional.<\/p>\n\n\n\n<p>Veja os principais sinais de que o seu manjeric\u00e3o precisa de uma poda imediata para continuar produzindo:<\/p>\n\n\n\n<ul class=\"wp-block-list\">\n<li>Surgimento de pequenas espigas verdes no topo dos ramos.<\/li>\n\n\n\n<li>Redu\u00e7\u00e3o no tamanho das folhas superiores pr\u00f3ximas ao \u00e1pice.<\/li>\n\n\n\n<li>Alongamento excessivo do caule principal em dire\u00e7\u00e3o \u00e0 luz.<\/li>\n\n\n\n<li>Mudan\u00e7a sutil na textura das folhas que ficam mais r\u00edgidas.<\/li>\n<\/ul>\n\n\n\n<h2 class=\"wp-block-heading\">Quais s\u00e3o os benef\u00edcios de manter a planta em estado vegetativo constante?<\/h2>\n\n\n\n<p>Manter a planta focada na produ\u00e7\u00e3o de folhas aumenta a concentra\u00e7\u00e3o de \u00f3leos essenciais na estrutura vegetal. Isso preserva o aroma caracter\u00edstico e o frescor necess\u00e1rio para o preparo de molhos e pratos frescos.<\/p>\n\n\n\n<p>A poda regular tamb\u00e9m estimula uma copa mais densa, o que protege o solo da evapora\u00e7\u00e3o excessiva de \u00e1gua. Vegetais bem manejados apresentam maior resist\u00eancia contra o ataque de pragas comuns em <strong>S\u00e3o Paulo<\/strong>.<\/p>\n\n\n\n<figure class=\"wp-block-image size-large\"><img decoding=\"async\" width=\"1024\" height=\"576\" src=\"https:\/\/www.uai.com.br\/uainoticias\/wp-content\/uploads\/2026\/04\/Podar-o-manjericao-2-1024x576.jpg\" alt=\"\" class=\"wp-image-125653\" srcset=\"https:\/\/www.uai.com.br\/uainoticias\/wp-content\/uploads\/2026\/04\/Podar-o-manjericao-2-1024x576.jpg 1024w, https:\/\/www.uai.com.br\/uainoticias\/wp-content\/uploads\/2026\/04\/Podar-o-manjericao-2-300x169.jpg 300w, https:\/\/www.uai.com.br\/uainoticias\/wp-content\/uploads\/2026\/04\/Podar-o-manjericao-2-768x432.jpg 768w, https:\/\/www.uai.com.br\/uainoticias\/wp-content\/uploads\/2026\/04\/Podar-o-manjericao-2-750x422.jpg 750w, https:\/\/www.uai.com.br\/uainoticias\/wp-content\/uploads\/2026\/04\/Podar-o-manjericao-2-1140x641.jpg 1140w, https:\/\/www.uai.com.br\/uainoticias\/wp-content\/uploads\/2026\/04\/Podar-o-manjericao-2.jpg 1280w\" sizes=\"(max-width: 1024px) 100vw, 1024px\" \/><figcaption class=\"wp-element-caption\">Reaproveite as flores removidas na culin\u00e1ria ou na aromatiza\u00e7\u00e3o de azeites, unindo economia e sabor em sua horta residencial sustent\u00e1vel &#8211; Cr\u00e9ditos: Imagem Ilustrativa<\/figcaption><\/figure>\n\n\n\n<p>Leia tamb\u00e9m: <strong><a href=\"https:\/\/www.uai.com.br\/uainoticias\/2026\/03\/14\/a-planta-quase-impossivel-de-matar-que-virou-queridinha-de-quem-comeca-na-jardinagem\/\" target=\"_blank\" rel=\"noreferrer noopener\">A planta quase imposs\u00edvel de matar que virou queridinha de quem come\u00e7a na jardinagem &#8211; UAI Not\u00edcias<\/a><\/strong><\/p>\n\n\n\n<h2 class=\"wp-block-heading\">\u00c9 poss\u00edvel reaproveitar as flores e sementes do manjeric\u00e3o podado?<\/h2>\n\n\n\n<p>As flores removidas possuem um sabor suave e podem ser utilizadas na finaliza\u00e7\u00e3o de pratos ou no preparo de azeites. Elas mant\u00eam as propriedades medicinais da erva, sendo ricas em antioxidantes naturais ben\u00e9ficos.<\/p>\n\n\n\n<p>Caso deseje renovar a horta, permita que apenas um galho flores\u00e7a completamente para a coleta de sementes maduras. Esse ciclo permite que o morador tenha novas mudas saud\u00e1veis para o pr\u00f3ximo plantio residencial.<\/p>\n","protected":false},"excerpt":{"rendered":"<p>A poda constante do manjeric\u00e3o \u00e9 fundamental para manter a produ\u00e7\u00e3o de folhas jovens e arom\u00e1ticas por mais tempo em sua horta. Ao remover as flores precoces, o cultivador evita que a planta encerre precocemente o seu ciclo de vida. Por que \u00e9 necess\u00e1rio cortar as flores do manjeric\u00e3o para colher mais folhas? O surgimento [&hellip;]<\/p>\n","protected":false},"author":29,"featured_media":125652,"comment_status":"open","ping_status":"open","sticky":false,"template":"","format":"standard","meta":{"jnews-multi-image_gallery":[],"jnews_single_post":{"format":"standard"},"jnews_primary_category":[],"jnews_social_meta":[],"jnews_override_counter":[],"footnotes":""},"categories":[11599],"tags":[23161,1578,9511],"class_list":["post-125623","post","type-post","status-publish","format-standard","has-post-thumbnail","hentry","category-jardinagem","tag-follhas","tag-manjericao","tag-poda"],"yoast_head":"<!-- This site is optimized with the Yoast SEO plugin v26.5 - https:\/\/yoast.com\/wordpress\/plugins\/seo\/ -->\n<title>Como podar o manjeric\u00e3o para obter mais folhas cortando as pontas assim que as primeiras flores come\u00e7arem a nascer - UAI Not\u00edcias<\/title>\n<meta name=\"description\" content=\"Aprenda a t\u00e9cnica de corte apical para redirecionar a energia do vegetal, garantindo um arbusto muito mais cheio, arom\u00e1tico e produtivo\" \/>\n<meta name=\"robots\" content=\"index, follow, max-snippet:-1, max-image-preview:large, max-video-preview:-1\" \/>\n<link rel=\"canonical\" href=\"https:\/\/www.uai.com.br\/uainoticias\/2026\/04\/27\/como-podar-o-manjericao-para-obter-mais-folhas-cortando-as-pontas-assim-que-as-primeiras-flores-comecarem-a-nascer\/\" \/>\n<meta property=\"og:locale\" content=\"pt_BR\" \/>\n<meta property=\"og:type\" content=\"article\" \/>\n<meta property=\"og:title\" content=\"Como podar o manjeric\u00e3o para obter mais folhas cortando as pontas assim que as primeiras flores come\u00e7arem a nascer - UAI Not\u00edcias\" \/>\n<meta property=\"og:description\" content=\"Aprenda a t\u00e9cnica de corte apical para redirecionar a energia do vegetal, garantindo um arbusto muito mais cheio, arom\u00e1tico e produtivo\" \/>\n<meta property=\"og:url\" content=\"https:\/\/www.uai.com.br\/uainoticias\/2026\/04\/27\/como-podar-o-manjericao-para-obter-mais-folhas-cortando-as-pontas-assim-que-as-primeiras-flores-comecarem-a-nascer\/\" \/>\n<meta property=\"og:site_name\" content=\"UAI Not\u00edcias\" \/>\n<meta property=\"article:published_time\" content=\"2026-04-27T20:20:00+00:00\" \/>\n<meta property=\"og:image\" content=\"https:\/\/www.uai.com.br\/uainoticias\/wp-content\/uploads\/2026\/04\/Podar-o-manjericao-1.jpg\" \/>\n\t<meta property=\"og:image:width\" content=\"1280\" \/>\n\t<meta property=\"og:image:height\" content=\"720\" \/>\n\t<meta property=\"og:image:type\" content=\"image\/jpeg\" \/>\n<meta name=\"author\" content=\"Leonardo Nunes\" \/>\n<meta name=\"twitter:card\" content=\"summary_large_image\" \/>\n<meta name=\"twitter:label1\" content=\"Escrito por\" \/>\n\t<meta name=\"twitter:data1\" content=\"Leonardo Nunes\" \/>\n\t<meta name=\"twitter:label2\" content=\"Est. tempo de leitura\" \/>\n\t<meta name=\"twitter:data2\" content=\"4 minutos\" \/>\n<!-- \/ Yoast SEO plugin. -->","yoast_head_json":{"title":"Como podar o manjeric\u00e3o para obter mais folhas cortando as pontas assim que as primeiras flores come\u00e7arem a nascer - UAI Not\u00edcias","description":"Aprenda a t\u00e9cnica de corte apical para redirecionar a energia do vegetal, garantindo um arbusto muito mais cheio, arom\u00e1tico e produtivo","robots":{"index":"index","follow":"follow","max-snippet":"max-snippet:-1","max-image-preview":"max-image-preview:large","max-video-preview":"max-video-preview:-1"},"canonical":"https:\/\/www.uai.com.br\/uainoticias\/2026\/04\/27\/como-podar-o-manjericao-para-obter-mais-folhas-cortando-as-pontas-assim-que-as-primeiras-flores-comecarem-a-nascer\/","og_locale":"pt_BR","og_type":"article","og_title":"Como podar o manjeric\u00e3o para obter mais folhas cortando as pontas assim que as primeiras flores come\u00e7arem a nascer - UAI Not\u00edcias","og_description":"Aprenda a t\u00e9cnica de corte apical para redirecionar a energia do vegetal, garantindo um arbusto muito mais cheio, arom\u00e1tico e produtivo","og_url":"https:\/\/www.uai.com.br\/uainoticias\/2026\/04\/27\/como-podar-o-manjericao-para-obter-mais-folhas-cortando-as-pontas-assim-que-as-primeiras-flores-comecarem-a-nascer\/","og_site_name":"UAI Not\u00edcias","article_published_time":"2026-04-27T20:20:00+00:00","og_image":[{"width":1280,"height":720,"url":"https:\/\/www.uai.com.br\/uainoticias\/wp-content\/uploads\/2026\/04\/Podar-o-manjericao-1.jpg","type":"image\/jpeg"}],"author":"Leonardo Nunes","twitter_card":"summary_large_image","twitter_misc":{"Escrito por":"Leonardo Nunes","Est. tempo de leitura":"4 minutos"},"schema":{"@context":"https:\/\/schema.org","@graph":[{"@type":"WebPage","@id":"https:\/\/www.uai.com.br\/uainoticias\/2026\/04\/27\/como-podar-o-manjericao-para-obter-mais-folhas-cortando-as-pontas-assim-que-as-primeiras-flores-comecarem-a-nascer\/","url":"https:\/\/www.uai.com.br\/uainoticias\/2026\/04\/27\/como-podar-o-manjericao-para-obter-mais-folhas-cortando-as-pontas-assim-que-as-primeiras-flores-comecarem-a-nascer\/","name":"Como podar o manjeric\u00e3o para obter mais folhas cortando as pontas assim que as primeiras flores come\u00e7arem a nascer - UAI Not\u00edcias","isPartOf":{"@id":"https:\/\/www.uai.com.br\/uainoticias\/#website"},"primaryImageOfPage":{"@id":"https:\/\/www.uai.com.br\/uainoticias\/2026\/04\/27\/como-podar-o-manjericao-para-obter-mais-folhas-cortando-as-pontas-assim-que-as-primeiras-flores-comecarem-a-nascer\/#primaryimage"},"image":{"@id":"https:\/\/www.uai.com.br\/uainoticias\/2026\/04\/27\/como-podar-o-manjericao-para-obter-mais-folhas-cortando-as-pontas-assim-que-as-primeiras-flores-comecarem-a-nascer\/#primaryimage"},"thumbnailUrl":"https:\/\/www.uai.com.br\/uainoticias\/wp-content\/uploads\/2026\/04\/Podar-o-manjericao-1.jpg","datePublished":"2026-04-27T20:20:00+00:00","author":{"@id":"https:\/\/www.uai.com.br\/uainoticias\/#\/schema\/person\/f57cbcb79cae89ff53b4e2a7511676fb"},"description":"Aprenda a t\u00e9cnica de corte apical para redirecionar a energia do vegetal, garantindo um arbusto muito mais cheio, arom\u00e1tico e produtivo","breadcrumb":{"@id":"https:\/\/www.uai.com.br\/uainoticias\/2026\/04\/27\/como-podar-o-manjericao-para-obter-mais-folhas-cortando-as-pontas-assim-que-as-primeiras-flores-comecarem-a-nascer\/#breadcrumb"},"inLanguage":"pt-BR","potentialAction":[{"@type":"ReadAction","target":["https:\/\/www.uai.com.br\/uainoticias\/2026\/04\/27\/como-podar-o-manjericao-para-obter-mais-folhas-cortando-as-pontas-assim-que-as-primeiras-flores-comecarem-a-nascer\/"]}]},{"@type":"ImageObject","inLanguage":"pt-BR","@id":"https:\/\/www.uai.com.br\/uainoticias\/2026\/04\/27\/como-podar-o-manjericao-para-obter-mais-folhas-cortando-as-pontas-assim-que-as-primeiras-flores-comecarem-a-nascer\/#primaryimage","url":"https:\/\/www.uai.com.br\/uainoticias\/wp-content\/uploads\/2026\/04\/Podar-o-manjericao-1.jpg","contentUrl":"https:\/\/www.uai.com.br\/uainoticias\/wp-content\/uploads\/2026\/04\/Podar-o-manjericao-1.jpg","width":1280,"height":720,"caption":"Aumente a produ\u00e7\u00e3o do seu manjeric\u00e3o removendo as flores precoces para evitar que a planta encerre o ciclo de vida e perca o sabor - Cr\u00e9ditos: Imagem Ilustrativa"},{"@type":"BreadcrumbList","@id":"https:\/\/www.uai.com.br\/uainoticias\/2026\/04\/27\/como-podar-o-manjericao-para-obter-mais-folhas-cortando-as-pontas-assim-que-as-primeiras-flores-comecarem-a-nascer\/#breadcrumb","itemListElement":[{"@type":"ListItem","position":1,"name":"In\u00edcio","item":"https:\/\/www.uai.com.br\/uainoticias\/"},{"@type":"ListItem","position":2,"name":"Como podar o manjeric\u00e3o para obter mais folhas cortando as pontas assim que as primeiras flores come\u00e7arem a nascer"}]},{"@type":"WebSite","@id":"https:\/\/www.uai.com.br\/uainoticias\/#website","url":"https:\/\/www.uai.com.br\/uainoticias\/","name":"UAI Not\u00edcias","description":"Acompanhe as \u00faltimas not\u00edcias e fique bem informado sobre tudo o que acontece no Brasil e no mundo.","potentialAction":[{"@type":"SearchAction","target":{"@type":"EntryPoint","urlTemplate":"https:\/\/www.uai.com.br\/uainoticias\/?s={search_term_string}"},"query-input":{"@type":"PropertyValueSpecification","valueRequired":true,"valueName":"search_term_string"}}],"inLanguage":"pt-BR"},{"@type":"Person","@id":"https:\/\/www.uai.com.br\/uainoticias\/#\/schema\/person\/f57cbcb79cae89ff53b4e2a7511676fb","name":"Leonardo Nunes","image":{"@type":"ImageObject","inLanguage":"pt-BR","@id":"https:\/\/www.uai.com.br\/uainoticias\/#\/schema\/person\/image\/","url":"https:\/\/secure.gravatar.com\/avatar\/bcbad95ea1da2f5458464789977fbb5ca8a5da4f7f82d946c83505ef5f769a9c?s=96&d=mm&r=g","contentUrl":"https:\/\/secure.gravatar.com\/avatar\/bcbad95ea1da2f5458464789977fbb5ca8a5da4f7f82d946c83505ef5f769a9c?s=96&d=mm&r=g","caption":"Leonardo Nunes"},"sameAs":["https:\/\/www.uai.com.br\/uainoticias\/"],"url":"https:\/\/www.uai.com.br\/uainoticias\/author\/leonardo-nunes\/"}]}},"_links":{"self":[{"href":"https:\/\/www.uai.com.br\/uainoticias\/wp-json\/wp\/v2\/posts\/125623","targetHints":{"allow":["GET"]}}],"collection":[{"href":"https:\/\/www.uai.com.br\/uainoticias\/wp-json\/wp\/v2\/posts"}],"about":[{"href":"https:\/\/www.uai.com.br\/uainoticias\/wp-json\/wp\/v2\/types\/post"}],"author":[{"embeddable":true,"href":"https:\/\/www.uai.com.br\/uainoticias\/wp-json\/wp\/v2\/users\/29"}],"replies":[{"embeddable":true,"href":"https:\/\/www.uai.com.br\/uainoticias\/wp-json\/wp\/v2\/comments?post=125623"}],"version-history":[{"count":2,"href":"https:\/\/www.uai.com.br\/uainoticias\/wp-json\/wp\/v2\/posts\/125623\/revisions"}],"predecessor-version":[{"id":125656,"href":"https:\/\/www.uai.com.br\/uainoticias\/wp-json\/wp\/v2\/posts\/125623\/revisions\/125656"}],"wp:featuredmedia":[{"embeddable":true,"href":"https:\/\/www.uai.com.br\/uainoticias\/wp-json\/wp\/v2\/media\/125652"}],"wp:attachment":[{"href":"https:\/\/www.uai.com.br\/uainoticias\/wp-json\/wp\/v2\/media?parent=125623"}],"wp:term":[{"taxonomy":"category","embeddable":true,"href":"https:\/\/www.uai.com.br\/uainoticias\/wp-json\/wp\/v2\/categories?post=125623"},{"taxonomy":"post_tag","embeddable":true,"href":"https:\/\/www.uai.com.br\/uainoticias\/wp-json\/wp\/v2\/tags?post=125623"}],"curies":[{"name":"wp","href":"https:\/\/api.w.org\/{rel}","templated":true}]}}