{"id":125606,"date":"2026-04-27T10:35:00","date_gmt":"2026-04-27T13:35:00","guid":{"rendered":"https:\/\/www.uai.com.br\/uainoticias\/?p=125606"},"modified":"2026-04-21T00:07:43","modified_gmt":"2026-04-21T03:07:43","slug":"para-a-orquidea-durar-anos-o-macete-nao-e-a-rega-diaria-mas-nunca-plantar-em-terras-umidas-de-outras-plantas","status":"publish","type":"post","link":"https:\/\/www.uai.com.br\/uainoticias\/2026\/04\/27\/para-a-orquidea-durar-anos-o-macete-nao-e-a-rega-diaria-mas-nunca-plantar-em-terras-umidas-de-outras-plantas\/","title":{"rendered":"Para a orqu\u00eddea durar anos: o macete n\u00e3o \u00e9 a rega di\u00e1ria, mas nunca plantar em terras \u00famidas de outras plantas"},"content":{"rendered":"\n<p>A <strong>orqu\u00eddea<\/strong> <strong>Phalaenopsis<\/strong> exige cuidados espec\u00edficos com o substrato para garantir uma flora\u00e7\u00e3o duradoura em ambientes internos. Compreender a fun\u00e7\u00e3o das ra\u00edzes a\u00e9reas \u00e9 o primeiro passo para evitar o apodrecimento precoce da planta.<\/p>\n\n\n\n<h2 class=\"wp-block-heading\">Por que as orqu\u00eddeas morrem em vasos com terra comum?<\/h2>\n\n\n\n<p>As orqu\u00eddeas do g\u00eanero <strong>Phalaenopsis<\/strong> s\u00e3o ep\u00edfitas e vivem naturalmente fixadas em troncos de \u00e1rvores na natureza. O uso de terra \u00famida sufoca as ra\u00edzes, impedindo a circula\u00e7\u00e3o de oxig\u00eanio e causando a morte das c\u00e9lulas vegetais.<\/p>\n\n\n\n<p>A drenagem ineficiente dos vasos convencionais favorece a prolifera\u00e7\u00e3o de fungos que atacam a base da planta rapidamente. \u00c9 fundamental utilizar materiais porosos que simulem o ambiente das florestas tropicais do <strong>Brasil<\/strong>.<\/p>\n\n\n\n<p>Assista ao v\u00eddeo do canal <strong>Spagnhol Plantas<\/strong>, que conta com <strong>1,69 milh\u00e3o<\/strong> de inscritos. O v\u00eddeo oferece um guia completo sobre como cuidar da <strong>Orqu\u00eddea Phalaenopsis<\/strong>, abordando desde a sua origem no sudeste asi\u00e1tico at\u00e9 dicas pr\u00e1ticas de rega, ilumina\u00e7\u00e3o ideal (evitando o sol direto) e aduba\u00e7\u00e3o para manter a planta saud\u00e1vel e com flora\u00e7\u00f5es duradouras:<\/p>\n\n\n\n<figure class=\"wp-block-embed is-type-video is-provider-youtube wp-block-embed-youtube wp-embed-aspect-16-9 wp-has-aspect-ratio\"><div class=\"wp-block-embed__wrapper\">\n<div class=\"jeg_video_container jeg_video_content\"><iframe loading=\"lazy\" title=\"ORQU\u00cdDEA PHALAENOPSIS | COMO CUIDAR\" width=\"500\" height=\"281\" src=\"https:\/\/www.youtube.com\/embed\/VatUcoaVd3g?feature=oembed\" frameborder=\"0\" allow=\"accelerometer; autoplay; clipboard-write; encrypted-media; gyroscope; picture-in-picture; web-share\" referrerpolicy=\"strict-origin-when-cross-origin\" allowfullscreen><\/iframe><\/div>\n<\/div><\/figure>\n\n\n\n<p>Leia tamb\u00e9m: <strong><a href=\"https:\/\/www.uai.com.br\/uainoticias\/2026\/03\/12\/sem-fertilizantes-ou-podas-o-truque-simples-de-jardinagem-para-evitar-que-as-plantas-de-interior-murchem\/\" target=\"_blank\" rel=\"noreferrer noopener\">Sem fertilizantes ou podas: o truque simples de jardinagem para evitar que as plantas de interior murchem &#8211; UAI Not\u00edcias<\/a><\/strong><\/p>\n\n\n\n<h2 class=\"wp-block-heading\">Qual a fun\u00e7\u00e3o t\u00e9cnica das ra\u00edzes a\u00e9reas nesta esp\u00e9cie?<\/h2>\n\n\n\n<p>As ra\u00edzes externas desempenham um papel vital na absor\u00e7\u00e3o de umidade diretamente do ar ambiente e na realiza\u00e7\u00e3o da fotoss\u00edntese complementar. Elas n\u00e3o devem ser enterradas ou cortadas, pois servem como indicadores sens\u00edveis da sa\u00fade geral da flor.<\/p>\n\n\n\n<p>A an\u00e1lise da colora\u00e7\u00e3o dessas estruturas ajuda o cultivador a determinar o momento exato da rega sem comprometer o sistema radicular:<\/p>\n\n\n\n<figure class=\"wp-block-image size-large\"><img decoding=\"async\" width=\"1024\" height=\"498\" src=\"https:\/\/www.uai.com.br\/uainoticias\/wp-content\/uploads\/2026\/04\/Orquidea-Phalaenopsis-tabela-1024x498.jpg\" alt=\"\" class=\"wp-image-125607\" srcset=\"https:\/\/www.uai.com.br\/uainoticias\/wp-content\/uploads\/2026\/04\/Orquidea-Phalaenopsis-tabela-1024x498.jpg 1024w, https:\/\/www.uai.com.br\/uainoticias\/wp-content\/uploads\/2026\/04\/Orquidea-Phalaenopsis-tabela-300x146.jpg 300w, https:\/\/www.uai.com.br\/uainoticias\/wp-content\/uploads\/2026\/04\/Orquidea-Phalaenopsis-tabela-768x374.jpg 768w, https:\/\/www.uai.com.br\/uainoticias\/wp-content\/uploads\/2026\/04\/Orquidea-Phalaenopsis-tabela-750x365.jpg 750w, https:\/\/www.uai.com.br\/uainoticias\/wp-content\/uploads\/2026\/04\/Orquidea-Phalaenopsis-tabela-1140x555.jpg 1140w, https:\/\/www.uai.com.br\/uainoticias\/wp-content\/uploads\/2026\/04\/Orquidea-Phalaenopsis-tabela.jpg 1280w\" sizes=\"(max-width: 1024px) 100vw, 1024px\" \/><\/figure>\n\n\n\n<h2 class=\"wp-block-heading\">Como escolher o substrato ideal para o replantio seguro?<\/h2>\n\n\n\n<p>O segredo para a longevidade est\u00e1 na escolha de componentes que permitam a secagem r\u00e1pida entre as regas semanais na resid\u00eancia. O substrato deve oferecer suporte f\u00edsico sem compactar as fibras delicadas que comp\u00f5em o sistema de nutri\u00e7\u00e3o da planta.<\/p>\n\n\n\n<p>Existem materiais espec\u00edficos que garantem a aera\u00e7\u00e3o necess\u00e1ria para o desenvolvimento saud\u00e1vel das orqu\u00eddeas em vasos de pl\u00e1stico ou cer\u00e2mica:<\/p>\n\n\n\n<ul class=\"wp-block-list\">\n<li>Casca de pinus tratada para evitar a acidez excessiva no vaso.<\/li>\n\n\n\n<li>Fibra de coco que ret\u00e9m a umidade na medida certa para a esp\u00e9cie.<\/li>\n\n\n\n<li>Carv\u00e3o vegetal para auxiliar na filtragem de impurezas da \u00e1gua.<\/li>\n\n\n\n<li>Pedras britadas no fundo para garantir uma drenagem perfeita.<\/li>\n<\/ul>\n\n\n\n<h2 class=\"wp-block-heading\">Quais os sinais de que a planta est\u00e1 sofrendo com excesso de umidade?<\/h2>\n\n\n\n<p>Folhas amareladas e moles s\u00e3o os primeiros alertas de que o substrato est\u00e1 retendo mais l\u00edquido do que a planta consegue processar. O excesso de \u00e1gua expulsa o ar dos espa\u00e7os vazios, levando \u00e0 asfixia das ra\u00edzes profundas do vaso.<\/p>\n\n\n\n<p>A interrup\u00e7\u00e3o imediata das regas e a troca por um meio de cultivo mais seco podem salvar o exemplar da morte total. Observar a base do caule \u00e9 crucial para identificar manchas escuras que indicam o avan\u00e7o de doen\u00e7as f\u00fangicas no <strong>Brasil<\/strong>.<\/p>\n\n\n\n<figure class=\"wp-block-image size-large\"><img decoding=\"async\" width=\"1024\" height=\"576\" src=\"https:\/\/www.uai.com.br\/uainoticias\/wp-content\/uploads\/2026\/04\/Orquidea-Phalaenopsis-2-1024x576.jpg\" alt=\"\" class=\"wp-image-125632\" srcset=\"https:\/\/www.uai.com.br\/uainoticias\/wp-content\/uploads\/2026\/04\/Orquidea-Phalaenopsis-2-1024x576.jpg 1024w, https:\/\/www.uai.com.br\/uainoticias\/wp-content\/uploads\/2026\/04\/Orquidea-Phalaenopsis-2-300x169.jpg 300w, https:\/\/www.uai.com.br\/uainoticias\/wp-content\/uploads\/2026\/04\/Orquidea-Phalaenopsis-2-768x432.jpg 768w, https:\/\/www.uai.com.br\/uainoticias\/wp-content\/uploads\/2026\/04\/Orquidea-Phalaenopsis-2-750x422.jpg 750w, https:\/\/www.uai.com.br\/uainoticias\/wp-content\/uploads\/2026\/04\/Orquidea-Phalaenopsis-2-1140x641.jpg 1140w, https:\/\/www.uai.com.br\/uainoticias\/wp-content\/uploads\/2026\/04\/Orquidea-Phalaenopsis-2.jpg 1280w\" sizes=\"(max-width: 1024px) 100vw, 1024px\" \/><figcaption class=\"wp-element-caption\">Utilize materiais como casca de pinus e carv\u00e3o vegetal para simular o ambiente natural e garantir a longevidade da sua flor em interiores &#8211; Cr\u00e9ditos: Imagem Ilustrativa<\/figcaption><\/figure>\n\n\n\n<p>Leia tamb\u00e9m: <strong><a href=\"https:\/\/www.uai.com.br\/uainoticias\/2026\/03\/14\/a-planta-quase-impossivel-de-matar-que-virou-queridinha-de-quem-comeca-na-jardinagem\/\" target=\"_blank\" rel=\"noreferrer noopener\">A planta quase imposs\u00edvel de matar que virou queridinha de quem come\u00e7a na jardinagem &#8211; UAI Not\u00edcias<\/a><\/strong><\/p>\n\n\n\n<h2 class=\"wp-block-heading\">Como realizar a rega correta sem encharcar o substrato?<\/h2>\n\n\n\n<p>O m\u00e9todo mais seguro consiste em mergulhar apenas o vaso em um recipiente com \u00e1gua por alguns minutos, evitando molhar o miolo das folhas. Esse processo permite que o substrato absorva apenas o necess\u00e1rio para manter a planta vi\u00e7osa.<\/p>\n\n\n\n<p>Ap\u00f3s a imers\u00e3o, \u00e9 necess\u00e1rio deixar todo o excesso de l\u00edquido escorrer pelos furos inferiores antes de retornar ao local de exposi\u00e7\u00e3o. Esse cuidado simples evita o ac\u00famulo de \u00e1gua estagnada que costuma atrair insetos indesejados.<\/p>\n","protected":false},"excerpt":{"rendered":"<p>A orqu\u00eddea Phalaenopsis exige cuidados espec\u00edficos com o substrato para garantir uma flora\u00e7\u00e3o duradoura em ambientes internos. Compreender a fun\u00e7\u00e3o das ra\u00edzes a\u00e9reas \u00e9 o primeiro passo para evitar o apodrecimento precoce da planta. Por que as orqu\u00eddeas morrem em vasos com terra comum? As orqu\u00eddeas do g\u00eanero Phalaenopsis s\u00e3o ep\u00edfitas e vivem naturalmente fixadas [&hellip;]<\/p>\n","protected":false},"author":29,"featured_media":125629,"comment_status":"open","ping_status":"open","sticky":false,"template":"","format":"standard","meta":{"jnews-multi-image_gallery":[],"jnews_single_post":{"format":"standard"},"jnews_primary_category":[],"jnews_social_meta":[],"jnews_override_counter":[],"footnotes":""},"categories":[11599],"tags":[8105,14268,23160],"class_list":["post-125606","post","type-post","status-publish","format-standard","has-post-thumbnail","hentry","category-jardinagem","tag-orquidea","tag-phalaenopsis","tag-rega-diaria"],"yoast_head":"<!-- This site is optimized with the Yoast SEO plugin v26.5 - https:\/\/yoast.com\/wordpress\/plugins\/seo\/ -->\n<title>Para a orqu\u00eddea durar anos: o macete n\u00e3o \u00e9 a rega di\u00e1ria, mas nunca plantar em terras \u00famidas de outras plantas - UAI Not\u00edcias<\/title>\n<meta name=\"description\" content=\"Identifique o momento exato da rega atrav\u00e9s da colora\u00e7\u00e3o das ra\u00edzes para manter sua planta hidratada sem o risco de encharcar o vaso\" \/>\n<meta name=\"robots\" content=\"index, follow, max-snippet:-1, max-image-preview:large, max-video-preview:-1\" \/>\n<link rel=\"canonical\" href=\"https:\/\/www.uai.com.br\/uainoticias\/2026\/04\/27\/para-a-orquidea-durar-anos-o-macete-nao-e-a-rega-diaria-mas-nunca-plantar-em-terras-umidas-de-outras-plantas\/\" \/>\n<meta property=\"og:locale\" content=\"pt_BR\" \/>\n<meta property=\"og:type\" content=\"article\" \/>\n<meta property=\"og:title\" content=\"Para a orqu\u00eddea durar anos: o macete n\u00e3o \u00e9 a rega di\u00e1ria, mas nunca plantar em terras \u00famidas de outras plantas - UAI Not\u00edcias\" \/>\n<meta property=\"og:description\" content=\"Identifique o momento exato da rega atrav\u00e9s da colora\u00e7\u00e3o das ra\u00edzes para manter sua planta hidratada sem o risco de encharcar o vaso\" \/>\n<meta property=\"og:url\" content=\"https:\/\/www.uai.com.br\/uainoticias\/2026\/04\/27\/para-a-orquidea-durar-anos-o-macete-nao-e-a-rega-diaria-mas-nunca-plantar-em-terras-umidas-de-outras-plantas\/\" \/>\n<meta property=\"og:site_name\" content=\"UAI Not\u00edcias\" \/>\n<meta property=\"article:published_time\" content=\"2026-04-27T13:35:00+00:00\" \/>\n<meta property=\"og:image\" content=\"https:\/\/www.uai.com.br\/uainoticias\/wp-content\/uploads\/2026\/04\/Orquidea-Phalaenopsis-1.jpg\" \/>\n\t<meta property=\"og:image:width\" content=\"1280\" \/>\n\t<meta property=\"og:image:height\" content=\"720\" \/>\n\t<meta property=\"og:image:type\" content=\"image\/jpeg\" \/>\n<meta name=\"author\" content=\"Leonardo Nunes\" \/>\n<meta name=\"twitter:card\" content=\"summary_large_image\" \/>\n<meta name=\"twitter:label1\" content=\"Escrito por\" \/>\n\t<meta name=\"twitter:data1\" content=\"Leonardo Nunes\" \/>\n\t<meta name=\"twitter:label2\" content=\"Est. tempo de leitura\" \/>\n\t<meta name=\"twitter:data2\" content=\"4 minutos\" \/>\n<!-- \/ Yoast SEO plugin. -->","yoast_head_json":{"title":"Para a orqu\u00eddea durar anos: o macete n\u00e3o \u00e9 a rega di\u00e1ria, mas nunca plantar em terras \u00famidas de outras plantas - UAI Not\u00edcias","description":"Identifique o momento exato da rega atrav\u00e9s da colora\u00e7\u00e3o das ra\u00edzes para manter sua planta hidratada sem o risco de encharcar o vaso","robots":{"index":"index","follow":"follow","max-snippet":"max-snippet:-1","max-image-preview":"max-image-preview:large","max-video-preview":"max-video-preview:-1"},"canonical":"https:\/\/www.uai.com.br\/uainoticias\/2026\/04\/27\/para-a-orquidea-durar-anos-o-macete-nao-e-a-rega-diaria-mas-nunca-plantar-em-terras-umidas-de-outras-plantas\/","og_locale":"pt_BR","og_type":"article","og_title":"Para a orqu\u00eddea durar anos: o macete n\u00e3o \u00e9 a rega di\u00e1ria, mas nunca plantar em terras \u00famidas de outras plantas - UAI Not\u00edcias","og_description":"Identifique o momento exato da rega atrav\u00e9s da colora\u00e7\u00e3o das ra\u00edzes para manter sua planta hidratada sem o risco de encharcar o vaso","og_url":"https:\/\/www.uai.com.br\/uainoticias\/2026\/04\/27\/para-a-orquidea-durar-anos-o-macete-nao-e-a-rega-diaria-mas-nunca-plantar-em-terras-umidas-de-outras-plantas\/","og_site_name":"UAI Not\u00edcias","article_published_time":"2026-04-27T13:35:00+00:00","og_image":[{"width":1280,"height":720,"url":"https:\/\/www.uai.com.br\/uainoticias\/wp-content\/uploads\/2026\/04\/Orquidea-Phalaenopsis-1.jpg","type":"image\/jpeg"}],"author":"Leonardo Nunes","twitter_card":"summary_large_image","twitter_misc":{"Escrito por":"Leonardo Nunes","Est. tempo de leitura":"4 minutos"},"schema":{"@context":"https:\/\/schema.org","@graph":[{"@type":"WebPage","@id":"https:\/\/www.uai.com.br\/uainoticias\/2026\/04\/27\/para-a-orquidea-durar-anos-o-macete-nao-e-a-rega-diaria-mas-nunca-plantar-em-terras-umidas-de-outras-plantas\/","url":"https:\/\/www.uai.com.br\/uainoticias\/2026\/04\/27\/para-a-orquidea-durar-anos-o-macete-nao-e-a-rega-diaria-mas-nunca-plantar-em-terras-umidas-de-outras-plantas\/","name":"Para a orqu\u00eddea durar anos: o macete n\u00e3o \u00e9 a rega di\u00e1ria, mas nunca plantar em terras \u00famidas de outras plantas - UAI Not\u00edcias","isPartOf":{"@id":"https:\/\/www.uai.com.br\/uainoticias\/#website"},"primaryImageOfPage":{"@id":"https:\/\/www.uai.com.br\/uainoticias\/2026\/04\/27\/para-a-orquidea-durar-anos-o-macete-nao-e-a-rega-diaria-mas-nunca-plantar-em-terras-umidas-de-outras-plantas\/#primaryimage"},"image":{"@id":"https:\/\/www.uai.com.br\/uainoticias\/2026\/04\/27\/para-a-orquidea-durar-anos-o-macete-nao-e-a-rega-diaria-mas-nunca-plantar-em-terras-umidas-de-outras-plantas\/#primaryimage"},"thumbnailUrl":"https:\/\/www.uai.com.br\/uainoticias\/wp-content\/uploads\/2026\/04\/Orquidea-Phalaenopsis-1.jpg","datePublished":"2026-04-27T13:35:00+00:00","author":{"@id":"https:\/\/www.uai.com.br\/uainoticias\/#\/schema\/person\/f57cbcb79cae89ff53b4e2a7511676fb"},"description":"Identifique o momento exato da rega atrav\u00e9s da colora\u00e7\u00e3o das ra\u00edzes para manter sua planta hidratada sem o risco de encharcar o vaso","breadcrumb":{"@id":"https:\/\/www.uai.com.br\/uainoticias\/2026\/04\/27\/para-a-orquidea-durar-anos-o-macete-nao-e-a-rega-diaria-mas-nunca-plantar-em-terras-umidas-de-outras-plantas\/#breadcrumb"},"inLanguage":"pt-BR","potentialAction":[{"@type":"ReadAction","target":["https:\/\/www.uai.com.br\/uainoticias\/2026\/04\/27\/para-a-orquidea-durar-anos-o-macete-nao-e-a-rega-diaria-mas-nunca-plantar-em-terras-umidas-de-outras-plantas\/"]}]},{"@type":"ImageObject","inLanguage":"pt-BR","@id":"https:\/\/www.uai.com.br\/uainoticias\/2026\/04\/27\/para-a-orquidea-durar-anos-o-macete-nao-e-a-rega-diaria-mas-nunca-plantar-em-terras-umidas-de-outras-plantas\/#primaryimage","url":"https:\/\/www.uai.com.br\/uainoticias\/wp-content\/uploads\/2026\/04\/Orquidea-Phalaenopsis-1.jpg","contentUrl":"https:\/\/www.uai.com.br\/uainoticias\/wp-content\/uploads\/2026\/04\/Orquidea-Phalaenopsis-1.jpg","width":1280,"height":720,"caption":"Garanta a sa\u00fade das suas orqu\u00eddeas utilizando substratos porosos que permitem a circula\u00e7\u00e3o de oxig\u00eanio e evitam o apodrecimento das ra\u00edzes a\u00e9reas - Cr\u00e9ditos: Imagem Ilustrativa"},{"@type":"BreadcrumbList","@id":"https:\/\/www.uai.com.br\/uainoticias\/2026\/04\/27\/para-a-orquidea-durar-anos-o-macete-nao-e-a-rega-diaria-mas-nunca-plantar-em-terras-umidas-de-outras-plantas\/#breadcrumb","itemListElement":[{"@type":"ListItem","position":1,"name":"In\u00edcio","item":"https:\/\/www.uai.com.br\/uainoticias\/"},{"@type":"ListItem","position":2,"name":"Para a orqu\u00eddea durar anos: o macete n\u00e3o \u00e9 a rega di\u00e1ria, mas nunca plantar em terras \u00famidas de outras plantas"}]},{"@type":"WebSite","@id":"https:\/\/www.uai.com.br\/uainoticias\/#website","url":"https:\/\/www.uai.com.br\/uainoticias\/","name":"UAI Not\u00edcias","description":"Acompanhe as \u00faltimas not\u00edcias e fique bem informado sobre tudo o que acontece no Brasil e no mundo.","potentialAction":[{"@type":"SearchAction","target":{"@type":"EntryPoint","urlTemplate":"https:\/\/www.uai.com.br\/uainoticias\/?s={search_term_string}"},"query-input":{"@type":"PropertyValueSpecification","valueRequired":true,"valueName":"search_term_string"}}],"inLanguage":"pt-BR"},{"@type":"Person","@id":"https:\/\/www.uai.com.br\/uainoticias\/#\/schema\/person\/f57cbcb79cae89ff53b4e2a7511676fb","name":"Leonardo Nunes","image":{"@type":"ImageObject","inLanguage":"pt-BR","@id":"https:\/\/www.uai.com.br\/uainoticias\/#\/schema\/person\/image\/","url":"https:\/\/secure.gravatar.com\/avatar\/bcbad95ea1da2f5458464789977fbb5ca8a5da4f7f82d946c83505ef5f769a9c?s=96&d=mm&r=g","contentUrl":"https:\/\/secure.gravatar.com\/avatar\/bcbad95ea1da2f5458464789977fbb5ca8a5da4f7f82d946c83505ef5f769a9c?s=96&d=mm&r=g","caption":"Leonardo Nunes"},"sameAs":["https:\/\/www.uai.com.br\/uainoticias\/"],"url":"https:\/\/www.uai.com.br\/uainoticias\/author\/leonardo-nunes\/"}]}},"_links":{"self":[{"href":"https:\/\/www.uai.com.br\/uainoticias\/wp-json\/wp\/v2\/posts\/125606","targetHints":{"allow":["GET"]}}],"collection":[{"href":"https:\/\/www.uai.com.br\/uainoticias\/wp-json\/wp\/v2\/posts"}],"about":[{"href":"https:\/\/www.uai.com.br\/uainoticias\/wp-json\/wp\/v2\/types\/post"}],"author":[{"embeddable":true,"href":"https:\/\/www.uai.com.br\/uainoticias\/wp-json\/wp\/v2\/users\/29"}],"replies":[{"embeddable":true,"href":"https:\/\/www.uai.com.br\/uainoticias\/wp-json\/wp\/v2\/comments?post=125606"}],"version-history":[{"count":2,"href":"https:\/\/www.uai.com.br\/uainoticias\/wp-json\/wp\/v2\/posts\/125606\/revisions"}],"predecessor-version":[{"id":125636,"href":"https:\/\/www.uai.com.br\/uainoticias\/wp-json\/wp\/v2\/posts\/125606\/revisions\/125636"}],"wp:featuredmedia":[{"embeddable":true,"href":"https:\/\/www.uai.com.br\/uainoticias\/wp-json\/wp\/v2\/media\/125629"}],"wp:attachment":[{"href":"https:\/\/www.uai.com.br\/uainoticias\/wp-json\/wp\/v2\/media?parent=125606"}],"wp:term":[{"taxonomy":"category","embeddable":true,"href":"https:\/\/www.uai.com.br\/uainoticias\/wp-json\/wp\/v2\/categories?post=125606"},{"taxonomy":"post_tag","embeddable":true,"href":"https:\/\/www.uai.com.br\/uainoticias\/wp-json\/wp\/v2\/tags?post=125606"}],"curies":[{"name":"wp","href":"https:\/\/api.w.org\/{rel}","templated":true}]}}