{"id":125605,"date":"2026-04-27T11:20:00","date_gmt":"2026-04-27T14:20:00","guid":{"rendered":"https:\/\/www.uai.com.br\/uainoticias\/?p=125605"},"modified":"2026-04-21T00:09:44","modified_gmt":"2026-04-21T03:09:44","slug":"a-arvore-nativa-que-virou-a-favorita-no-paisagismo-urbano-porque-resiste-a-poluicao-e-colore-a-rua-de-roxo-sem-estourar-o-cimento","status":"publish","type":"post","link":"https:\/\/www.uai.com.br\/uainoticias\/2026\/04\/27\/a-arvore-nativa-que-virou-a-favorita-no-paisagismo-urbano-porque-resiste-a-poluicao-e-colore-a-rua-de-roxo-sem-estourar-o-cimento\/","title":{"rendered":"A \u00e1rvore nativa que virou a favorita no paisagismo urbano porque resiste \u00e0 polui\u00e7\u00e3o e colore a rua de roxo sem estourar o cimento"},"content":{"rendered":"\n<p>A quaresmeira destaca-se no planejamento urbano devido \u00e0 sua flora\u00e7\u00e3o vibrante e sistema radicular n\u00e3o agressivo. Ela \u00e9 uma esp\u00e9cie nativa da <strong>Mata Atl\u00e2ntica<\/strong> que se adapta perfeitamente \u00e0s cal\u00e7adas do <strong>Brasil<\/strong>.<\/p>\n\n\n\n<h2 class=\"wp-block-heading\">Por que a quaresmeira \u00e9 a escolha ideal para arboriza\u00e7\u00e3o urbana?<\/h2>\n\n\n\n<p>Esta \u00e1rvore atinge um porte m\u00e9dio, evitando interfer\u00eancias com a fia\u00e7\u00e3o el\u00e9trica das grandes cidades brasileiras. Sua copa proporciona excelente sombra e conforto t\u00e9rmico para os pedestres durante o ver\u00e3o intenso.<\/p>\n\n\n\n<p>A resist\u00eancia \u00e0 polui\u00e7\u00e3o permite que a planta prospere mesmo em avenidas de alto tr\u00e1fego constante em metr\u00f3poles. Sua presen\u00e7a melhora a qualidade do ar e o cen\u00e1rio est\u00e9tico do bairro onde ocorre o plantio.<\/p>\n\n\n\n<p>Assista ao v\u00eddeo do canal <strong>Spagnhol Plantas<\/strong>, apresentado por <strong>Murilo Soares<\/strong>, que conta com <strong>1,69 milh\u00e3o<\/strong> de inscritos. O v\u00eddeo destaca a <strong>Quaresmeira<\/strong> como uma excelente escolha para a arboriza\u00e7\u00e3o urbana devido ao seu porte m\u00e9dio e sistema radicular n\u00e3o agressivo, o que evita danos em cal\u00e7adas. Al\u00e9m disso, o v\u00eddeo aborda a beleza da sua flora\u00e7\u00e3o vibrante e fornece orienta\u00e7\u00f5es sobre o cultivo adequado em ambientes urbanos:<\/p>\n\n\n\n<figure class=\"wp-block-embed is-type-video is-provider-youtube wp-block-embed-youtube wp-embed-aspect-16-9 wp-has-aspect-ratio\"><div class=\"wp-block-embed__wrapper\">\n<div class=\"jeg_video_container jeg_video_content\"><iframe loading=\"lazy\" title=\"Quaresmeira - Uma \u00d3TIMA op\u00e7\u00e3o para Arboriza\u00e7\u00e3o Urbana | Murilo Soares | Spagnhol\" width=\"500\" height=\"281\" src=\"https:\/\/www.youtube.com\/embed\/g6SZCxKNkwo?feature=oembed\" frameborder=\"0\" allow=\"accelerometer; autoplay; clipboard-write; encrypted-media; gyroscope; picture-in-picture; web-share\" referrerpolicy=\"strict-origin-when-cross-origin\" allowfullscreen><\/iframe><\/div>\n<\/div><\/figure>\n\n\n\n<p>Leia tamb\u00e9m: <strong><a href=\"https:\/\/www.uai.com.br\/uainoticias\/2026\/03\/12\/sem-fertilizantes-ou-podas-o-truque-simples-de-jardinagem-para-evitar-que-as-plantas-de-interior-murchem\/\" target=\"_blank\" rel=\"noreferrer noopener\">Sem fertilizantes ou podas: o truque simples de jardinagem para evitar que as plantas de interior murchem &#8211; UAI Not\u00edcias<\/a><\/strong><\/p>\n\n\n\n<h2 class=\"wp-block-heading\">Quais s\u00e3o os dados t\u00e9cnicos fundamentais desta esp\u00e9cie nativa?<\/h2>\n\n\n\n<p>Compreender as exig\u00eancias biol\u00f3gicas \u00e9 essencial para um plantio bem-sucedido em \u00e1reas residenciais ou p\u00fablicas. Esta \u00e1rvore prefere ambientes ensolarados e solos bem drenados para mostrar todo o seu potencial de crescimento.<\/p>\n\n\n\n<p>\u00c9 fundamental observar as caracter\u00edsticas espec\u00edficas de crescimento antes de adquirir as mudas em um viveiro local. Veja as informa\u00e7\u00f5es t\u00e9cnicas b\u00e1sicas sobre o cultivo da <strong>Pleroma<\/strong> granulosum no <strong>Brasil<\/strong>:<\/p>\n\n\n\n<figure class=\"wp-block-image size-large\"><img decoding=\"async\" width=\"1024\" height=\"498\" src=\"https:\/\/www.uai.com.br\/uainoticias\/wp-content\/uploads\/2026\/04\/Quaresmeira-tabela-1024x498.jpg\" alt=\"\" class=\"wp-image-125620\" srcset=\"https:\/\/www.uai.com.br\/uainoticias\/wp-content\/uploads\/2026\/04\/Quaresmeira-tabela-1024x498.jpg 1024w, https:\/\/www.uai.com.br\/uainoticias\/wp-content\/uploads\/2026\/04\/Quaresmeira-tabela-300x146.jpg 300w, https:\/\/www.uai.com.br\/uainoticias\/wp-content\/uploads\/2026\/04\/Quaresmeira-tabela-768x374.jpg 768w, https:\/\/www.uai.com.br\/uainoticias\/wp-content\/uploads\/2026\/04\/Quaresmeira-tabela-750x365.jpg 750w, https:\/\/www.uai.com.br\/uainoticias\/wp-content\/uploads\/2026\/04\/Quaresmeira-tabela-1140x555.jpg 1140w, https:\/\/www.uai.com.br\/uainoticias\/wp-content\/uploads\/2026\/04\/Quaresmeira-tabela.jpg 1280w\" sizes=\"(max-width: 1024px) 100vw, 1024px\" \/><\/figure>\n\n\n\n<h2 class=\"wp-block-heading\">Como as ra\u00edzes da quaresmeira protegem a integridade das cal\u00e7adas?<\/h2>\n\n\n\n<p>O sistema radicular desta esp\u00e9cie \u00e9 classificado como pivotante, o que significa que cresce para as profundezas do solo terrestre. Esta caracter\u00edstica impede que o concreto sofra rachaduras ou danos estruturais graves.<\/p>\n\n\n\n<p>O plantio correto exige um espa\u00e7o adequado para que a base da planta se desenvolva sem pressionar o meio-fio urbano. Confira os pontos t\u00e9cnicos sobre a seguran\u00e7a estrutural desta planta em cal\u00e7adas do <strong>Brasil<\/strong>:<\/p>\n\n\n\n<ul class=\"wp-block-list\">\n<li>Ra\u00edzes profundas que n\u00e3o buscam a superf\u00edcie do solo em busca de \u00e1gua.<\/li>\n\n\n\n<li>Aus\u00eancia de crescimento lateral agressivo perto de muros ou port\u00f5es.<\/li>\n\n\n\n<li>Compatibilidade total com tubula\u00e7\u00f5es subterr\u00e2neas de \u00e1gua e esgoto.<\/li>\n\n\n\n<li>Baixo risco de queda durante tempestades fortes em \u00e1reas urbanas.<\/li>\n<\/ul>\n\n\n\n<h2 class=\"wp-block-heading\">Qual \u00e9 o segredo para manter uma flora\u00e7\u00e3o intensa e duradoura?<\/h2>\n\n\n\n<p>A exposi\u00e7\u00e3o ao sol pleno \u00e9 o fator mais importante para a produ\u00e7\u00e3o das flores roxas ou rosas em abund\u00e2ncia anual. Fornecer adubos org\u00e2nicos ricos em f\u00f3sforo estimula uma colora\u00e7\u00e3o muito mais vibrante na copa.<\/p>\n\n\n\n<p>A poda deve ser leve e realizada apenas para retirar galhos secos ou conduzir o crescimento lateral da copa. A manuten\u00e7\u00e3o t\u00e9cnica correta garante que a \u00e1rvore permane\u00e7a saud\u00e1vel e livre de pragas no jardim.<\/p>\n\n\n\n<figure class=\"wp-block-image size-large\"><img decoding=\"async\" width=\"1024\" height=\"576\" src=\"https:\/\/www.uai.com.br\/uainoticias\/wp-content\/uploads\/2026\/04\/Quaresmeira-2-1024x576.jpg\" alt=\"\" class=\"wp-image-125638\" srcset=\"https:\/\/www.uai.com.br\/uainoticias\/wp-content\/uploads\/2026\/04\/Quaresmeira-2-1024x576.jpg 1024w, https:\/\/www.uai.com.br\/uainoticias\/wp-content\/uploads\/2026\/04\/Quaresmeira-2-300x169.jpg 300w, https:\/\/www.uai.com.br\/uainoticias\/wp-content\/uploads\/2026\/04\/Quaresmeira-2-768x432.jpg 768w, https:\/\/www.uai.com.br\/uainoticias\/wp-content\/uploads\/2026\/04\/Quaresmeira-2-750x422.jpg 750w, https:\/\/www.uai.com.br\/uainoticias\/wp-content\/uploads\/2026\/04\/Quaresmeira-2-1140x641.jpg 1140w, https:\/\/www.uai.com.br\/uainoticias\/wp-content\/uploads\/2026\/04\/Quaresmeira-2.jpg 1280w\" sizes=\"(max-width: 1024px) 100vw, 1024px\" \/><figcaption class=\"wp-element-caption\">Identifique a \u00e9poca certa de flora\u00e7\u00e3o da Pleroma granulosum e transforme sua rua em um espet\u00e1culo visual com uma esp\u00e9cie resistente \u00e0 polui\u00e7\u00e3o &#8211; Cr\u00e9ditos: Imagem Ilustrativa<\/figcaption><\/figure>\n\n\n\n<p>Leia tamb\u00e9m: <strong><a href=\"https:\/\/www.uai.com.br\/uainoticias\/2026\/03\/14\/a-planta-quase-impossivel-de-matar-que-virou-queridinha-de-quem-comeca-na-jardinagem\/\" target=\"_blank\" rel=\"noreferrer noopener\">A planta quase imposs\u00edvel de matar que virou queridinha de quem come\u00e7a na jardinagem &#8211; UAI Not\u00edcias<\/a><\/strong><\/p>\n\n\n\n<h2 class=\"wp-block-heading\">Como identificar a \u00e9poca certa da flora\u00e7\u00e3o desta \u00e1rvore?<\/h2>\n\n\n\n<p>O auge das flores roxas ocorre durante o per\u00edodo da <strong>Quaresma<\/strong>, o que confere o nome popular \u00e0 \u00e1rvore. Em algumas regi\u00f5es do <strong>Sudeste<\/strong>, uma segunda flora\u00e7\u00e3o pode acontecer entre os meses frios de inverno.<\/p>\n\n\n\n<p>Observar a transi\u00e7\u00e3o de cores \u00e9 uma experi\u00eancia \u00fanica para os entusiastas da flora nativa encontrada no <strong>Brasil<\/strong>. A perman\u00eancia das flores nos galhos cria um espet\u00e1culo visual que dura por v\u00e1rias semanas.<\/p>\n","protected":false},"excerpt":{"rendered":"<p>A quaresmeira destaca-se no planejamento urbano devido \u00e0 sua flora\u00e7\u00e3o vibrante e sistema radicular n\u00e3o agressivo. Ela \u00e9 uma esp\u00e9cie nativa da Mata Atl\u00e2ntica que se adapta perfeitamente \u00e0s cal\u00e7adas do Brasil. Por que a quaresmeira \u00e9 a escolha ideal para arboriza\u00e7\u00e3o urbana? Esta \u00e1rvore atinge um porte m\u00e9dio, evitando interfer\u00eancias com a fia\u00e7\u00e3o el\u00e9trica [&hellip;]<\/p>\n","protected":false},"author":29,"featured_media":125637,"comment_status":"open","ping_status":"open","sticky":false,"template":"","format":"standard","meta":{"jnews-multi-image_gallery":[],"jnews_single_post":{"format":"standard"},"jnews_primary_category":[],"jnews_social_meta":[],"jnews_override_counter":[],"footnotes":""},"categories":[11599],"tags":[5458,5418,9417],"class_list":["post-125605","post","type-post","status-publish","format-standard","has-post-thumbnail","hentry","category-jardinagem","tag-arvore","tag-paisagismo","tag-poluicao"],"yoast_head":"<!-- This site is optimized with the Yoast SEO plugin v26.5 - https:\/\/yoast.com\/wordpress\/plugins\/seo\/ -->\n<title>A \u00e1rvore nativa que virou a favorita no paisagismo urbano porque resiste \u00e0 polui\u00e7\u00e3o e colore a rua de roxo sem estourar o cimento - UAI Not\u00edcias<\/title>\n<meta name=\"description\" content=\"Saiba como manter sua \u00e1rvore sempre florida fornecendo sol pleno e aduba\u00e7\u00e3o rica em f\u00f3sforo para destacar as cores roxas e rosas no jardim\" \/>\n<meta name=\"robots\" content=\"index, follow, max-snippet:-1, max-image-preview:large, max-video-preview:-1\" \/>\n<link rel=\"canonical\" href=\"https:\/\/www.uai.com.br\/uainoticias\/2026\/04\/27\/a-arvore-nativa-que-virou-a-favorita-no-paisagismo-urbano-porque-resiste-a-poluicao-e-colore-a-rua-de-roxo-sem-estourar-o-cimento\/\" \/>\n<meta property=\"og:locale\" content=\"pt_BR\" \/>\n<meta property=\"og:type\" content=\"article\" \/>\n<meta property=\"og:title\" content=\"A \u00e1rvore nativa que virou a favorita no paisagismo urbano porque resiste \u00e0 polui\u00e7\u00e3o e colore a rua de roxo sem estourar o cimento - UAI Not\u00edcias\" \/>\n<meta property=\"og:description\" content=\"Saiba como manter sua \u00e1rvore sempre florida fornecendo sol pleno e aduba\u00e7\u00e3o rica em f\u00f3sforo para destacar as cores roxas e rosas no jardim\" \/>\n<meta property=\"og:url\" content=\"https:\/\/www.uai.com.br\/uainoticias\/2026\/04\/27\/a-arvore-nativa-que-virou-a-favorita-no-paisagismo-urbano-porque-resiste-a-poluicao-e-colore-a-rua-de-roxo-sem-estourar-o-cimento\/\" \/>\n<meta property=\"og:site_name\" content=\"UAI Not\u00edcias\" \/>\n<meta property=\"article:published_time\" content=\"2026-04-27T14:20:00+00:00\" \/>\n<meta property=\"og:image\" content=\"https:\/\/www.uai.com.br\/uainoticias\/wp-content\/uploads\/2026\/04\/Quaresmeira-1.jpg\" \/>\n\t<meta property=\"og:image:width\" content=\"1280\" \/>\n\t<meta property=\"og:image:height\" content=\"720\" \/>\n\t<meta property=\"og:image:type\" content=\"image\/jpeg\" \/>\n<meta name=\"author\" content=\"Leonardo Nunes\" \/>\n<meta name=\"twitter:card\" content=\"summary_large_image\" \/>\n<meta name=\"twitter:label1\" content=\"Escrito por\" \/>\n\t<meta name=\"twitter:data1\" content=\"Leonardo Nunes\" \/>\n\t<meta name=\"twitter:label2\" content=\"Est. tempo de leitura\" \/>\n\t<meta name=\"twitter:data2\" content=\"4 minutos\" \/>\n<!-- \/ Yoast SEO plugin. -->","yoast_head_json":{"title":"A \u00e1rvore nativa que virou a favorita no paisagismo urbano porque resiste \u00e0 polui\u00e7\u00e3o e colore a rua de roxo sem estourar o cimento - UAI Not\u00edcias","description":"Saiba como manter sua \u00e1rvore sempre florida fornecendo sol pleno e aduba\u00e7\u00e3o rica em f\u00f3sforo para destacar as cores roxas e rosas no jardim","robots":{"index":"index","follow":"follow","max-snippet":"max-snippet:-1","max-image-preview":"max-image-preview:large","max-video-preview":"max-video-preview:-1"},"canonical":"https:\/\/www.uai.com.br\/uainoticias\/2026\/04\/27\/a-arvore-nativa-que-virou-a-favorita-no-paisagismo-urbano-porque-resiste-a-poluicao-e-colore-a-rua-de-roxo-sem-estourar-o-cimento\/","og_locale":"pt_BR","og_type":"article","og_title":"A \u00e1rvore nativa que virou a favorita no paisagismo urbano porque resiste \u00e0 polui\u00e7\u00e3o e colore a rua de roxo sem estourar o cimento - UAI Not\u00edcias","og_description":"Saiba como manter sua \u00e1rvore sempre florida fornecendo sol pleno e aduba\u00e7\u00e3o rica em f\u00f3sforo para destacar as cores roxas e rosas no jardim","og_url":"https:\/\/www.uai.com.br\/uainoticias\/2026\/04\/27\/a-arvore-nativa-que-virou-a-favorita-no-paisagismo-urbano-porque-resiste-a-poluicao-e-colore-a-rua-de-roxo-sem-estourar-o-cimento\/","og_site_name":"UAI Not\u00edcias","article_published_time":"2026-04-27T14:20:00+00:00","og_image":[{"width":1280,"height":720,"url":"https:\/\/www.uai.com.br\/uainoticias\/wp-content\/uploads\/2026\/04\/Quaresmeira-1.jpg","type":"image\/jpeg"}],"author":"Leonardo Nunes","twitter_card":"summary_large_image","twitter_misc":{"Escrito por":"Leonardo Nunes","Est. tempo de leitura":"4 minutos"},"schema":{"@context":"https:\/\/schema.org","@graph":[{"@type":"WebPage","@id":"https:\/\/www.uai.com.br\/uainoticias\/2026\/04\/27\/a-arvore-nativa-que-virou-a-favorita-no-paisagismo-urbano-porque-resiste-a-poluicao-e-colore-a-rua-de-roxo-sem-estourar-o-cimento\/","url":"https:\/\/www.uai.com.br\/uainoticias\/2026\/04\/27\/a-arvore-nativa-que-virou-a-favorita-no-paisagismo-urbano-porque-resiste-a-poluicao-e-colore-a-rua-de-roxo-sem-estourar-o-cimento\/","name":"A \u00e1rvore nativa que virou a favorita no paisagismo urbano porque resiste \u00e0 polui\u00e7\u00e3o e colore a rua de roxo sem estourar o cimento - UAI Not\u00edcias","isPartOf":{"@id":"https:\/\/www.uai.com.br\/uainoticias\/#website"},"primaryImageOfPage":{"@id":"https:\/\/www.uai.com.br\/uainoticias\/2026\/04\/27\/a-arvore-nativa-que-virou-a-favorita-no-paisagismo-urbano-porque-resiste-a-poluicao-e-colore-a-rua-de-roxo-sem-estourar-o-cimento\/#primaryimage"},"image":{"@id":"https:\/\/www.uai.com.br\/uainoticias\/2026\/04\/27\/a-arvore-nativa-que-virou-a-favorita-no-paisagismo-urbano-porque-resiste-a-poluicao-e-colore-a-rua-de-roxo-sem-estourar-o-cimento\/#primaryimage"},"thumbnailUrl":"https:\/\/www.uai.com.br\/uainoticias\/wp-content\/uploads\/2026\/04\/Quaresmeira-1.jpg","datePublished":"2026-04-27T14:20:00+00:00","author":{"@id":"https:\/\/www.uai.com.br\/uainoticias\/#\/schema\/person\/f57cbcb79cae89ff53b4e2a7511676fb"},"description":"Saiba como manter sua \u00e1rvore sempre florida fornecendo sol pleno e aduba\u00e7\u00e3o rica em f\u00f3sforo para destacar as cores roxas e rosas no jardim","breadcrumb":{"@id":"https:\/\/www.uai.com.br\/uainoticias\/2026\/04\/27\/a-arvore-nativa-que-virou-a-favorita-no-paisagismo-urbano-porque-resiste-a-poluicao-e-colore-a-rua-de-roxo-sem-estourar-o-cimento\/#breadcrumb"},"inLanguage":"pt-BR","potentialAction":[{"@type":"ReadAction","target":["https:\/\/www.uai.com.br\/uainoticias\/2026\/04\/27\/a-arvore-nativa-que-virou-a-favorita-no-paisagismo-urbano-porque-resiste-a-poluicao-e-colore-a-rua-de-roxo-sem-estourar-o-cimento\/"]}]},{"@type":"ImageObject","inLanguage":"pt-BR","@id":"https:\/\/www.uai.com.br\/uainoticias\/2026\/04\/27\/a-arvore-nativa-que-virou-a-favorita-no-paisagismo-urbano-porque-resiste-a-poluicao-e-colore-a-rua-de-roxo-sem-estourar-o-cimento\/#primaryimage","url":"https:\/\/www.uai.com.br\/uainoticias\/wp-content\/uploads\/2026\/04\/Quaresmeira-1.jpg","contentUrl":"https:\/\/www.uai.com.br\/uainoticias\/wp-content\/uploads\/2026\/04\/Quaresmeira-1.jpg","width":1280,"height":720,"caption":"Escolha a quaresmeira para arboriza\u00e7\u00e3o urbana e garanta cal\u00e7adas seguras com uma \u00e1rvore de flora\u00e7\u00e3o vibrante e ra\u00edzes que n\u00e3o danificam o concreto - Cr\u00e9ditos: Imagem Ilustrativa"},{"@type":"BreadcrumbList","@id":"https:\/\/www.uai.com.br\/uainoticias\/2026\/04\/27\/a-arvore-nativa-que-virou-a-favorita-no-paisagismo-urbano-porque-resiste-a-poluicao-e-colore-a-rua-de-roxo-sem-estourar-o-cimento\/#breadcrumb","itemListElement":[{"@type":"ListItem","position":1,"name":"In\u00edcio","item":"https:\/\/www.uai.com.br\/uainoticias\/"},{"@type":"ListItem","position":2,"name":"A \u00e1rvore nativa que virou a favorita no paisagismo urbano porque resiste \u00e0 polui\u00e7\u00e3o e colore a rua de roxo sem estourar o cimento"}]},{"@type":"WebSite","@id":"https:\/\/www.uai.com.br\/uainoticias\/#website","url":"https:\/\/www.uai.com.br\/uainoticias\/","name":"UAI Not\u00edcias","description":"Acompanhe as \u00faltimas not\u00edcias e fique bem informado sobre tudo o que acontece no Brasil e no mundo.","potentialAction":[{"@type":"SearchAction","target":{"@type":"EntryPoint","urlTemplate":"https:\/\/www.uai.com.br\/uainoticias\/?s={search_term_string}"},"query-input":{"@type":"PropertyValueSpecification","valueRequired":true,"valueName":"search_term_string"}}],"inLanguage":"pt-BR"},{"@type":"Person","@id":"https:\/\/www.uai.com.br\/uainoticias\/#\/schema\/person\/f57cbcb79cae89ff53b4e2a7511676fb","name":"Leonardo Nunes","image":{"@type":"ImageObject","inLanguage":"pt-BR","@id":"https:\/\/www.uai.com.br\/uainoticias\/#\/schema\/person\/image\/","url":"https:\/\/secure.gravatar.com\/avatar\/bcbad95ea1da2f5458464789977fbb5ca8a5da4f7f82d946c83505ef5f769a9c?s=96&d=mm&r=g","contentUrl":"https:\/\/secure.gravatar.com\/avatar\/bcbad95ea1da2f5458464789977fbb5ca8a5da4f7f82d946c83505ef5f769a9c?s=96&d=mm&r=g","caption":"Leonardo Nunes"},"sameAs":["https:\/\/www.uai.com.br\/uainoticias\/"],"url":"https:\/\/www.uai.com.br\/uainoticias\/author\/leonardo-nunes\/"}]}},"_links":{"self":[{"href":"https:\/\/www.uai.com.br\/uainoticias\/wp-json\/wp\/v2\/posts\/125605","targetHints":{"allow":["GET"]}}],"collection":[{"href":"https:\/\/www.uai.com.br\/uainoticias\/wp-json\/wp\/v2\/posts"}],"about":[{"href":"https:\/\/www.uai.com.br\/uainoticias\/wp-json\/wp\/v2\/types\/post"}],"author":[{"embeddable":true,"href":"https:\/\/www.uai.com.br\/uainoticias\/wp-json\/wp\/v2\/users\/29"}],"replies":[{"embeddable":true,"href":"https:\/\/www.uai.com.br\/uainoticias\/wp-json\/wp\/v2\/comments?post=125605"}],"version-history":[{"count":2,"href":"https:\/\/www.uai.com.br\/uainoticias\/wp-json\/wp\/v2\/posts\/125605\/revisions"}],"predecessor-version":[{"id":125640,"href":"https:\/\/www.uai.com.br\/uainoticias\/wp-json\/wp\/v2\/posts\/125605\/revisions\/125640"}],"wp:featuredmedia":[{"embeddable":true,"href":"https:\/\/www.uai.com.br\/uainoticias\/wp-json\/wp\/v2\/media\/125637"}],"wp:attachment":[{"href":"https:\/\/www.uai.com.br\/uainoticias\/wp-json\/wp\/v2\/media?parent=125605"}],"wp:term":[{"taxonomy":"category","embeddable":true,"href":"https:\/\/www.uai.com.br\/uainoticias\/wp-json\/wp\/v2\/categories?post=125605"},{"taxonomy":"post_tag","embeddable":true,"href":"https:\/\/www.uai.com.br\/uainoticias\/wp-json\/wp\/v2\/tags?post=125605"}],"curies":[{"name":"wp","href":"https:\/\/api.w.org\/{rel}","templated":true}]}}