{"id":113724,"date":"2026-03-03T17:55:00","date_gmt":"2026-03-03T20:55:00","guid":{"rendered":"https:\/\/www.uai.com.br\/uainoticias\/?p=113724"},"modified":"2026-03-03T14:18:39","modified_gmt":"2026-03-03T17:18:39","slug":"reducao-gradual-do-horario-de-trabalho-deve-ser-feita-com-com-fim-da-jornada-6x1","status":"publish","type":"post","link":"https:\/\/www.uai.com.br\/uainoticias\/2026\/03\/03\/reducao-gradual-do-horario-de-trabalho-deve-ser-feita-com-com-fim-da-jornada-6x1\/","title":{"rendered":"Redu\u00e7\u00e3o gradual do hor\u00e1rio de trabalho deve ser feita com com fim da jornada 6&#215;1"},"content":{"rendered":"\n<h2 class=\"wp-block-heading\">A poss\u00edvel extin\u00e7\u00e3o da jornada 6&#215;1 e a redu\u00e7\u00e3o gradual da carga hor\u00e1ria semanal reacendem discuss\u00f5es sobre CLT, negocia\u00e7\u00e3o coletiva e produtividade. A proposta pode alterar regras trabalhistas, impactar empresas e ampliar a qualidade de vida no trabalho.<\/h2>\n\n\n\n<p>A poss\u00edvel extin\u00e7\u00e3o da <strong>jornada 6&#215;1<\/strong> e a proposta de <strong>redu\u00e7\u00e3o gradual da carga hor\u00e1ria semanal<\/strong> reacendem um debate essencial sobre <strong>direitos trabalhistas<\/strong>, moderniza\u00e7\u00e3o da <strong>CLT<\/strong> e o papel do Estado na regula\u00e7\u00e3o das rela\u00e7\u00f5es de emprego. O tema, que ganha for\u00e7a no Congresso Nacional, pode transformar profundamente a <strong>legisla\u00e7\u00e3o trabalhista brasileira<\/strong>, impactando <strong>negocia\u00e7\u00f5es coletivas<\/strong>, produtividade e qualidade de vida no trabalho.<\/p>\n\n\n\n<h2 class=\"wp-block-heading\">O que muda na Legisla\u00e7\u00e3o Trabalhista com o fim da jornada 6&#215;1? <\/h2>\n\n\n\n<p>A <strong><a href=\"https:\/\/www.gov.br\/secom\/pt-br\/acompanhe-a-secom\/noticias\/2026\/02\/estudo-aponta-que-reducao-da-jornada-pode-gerar-4-5-milhoes-de-empregos-e-reforca-debate-sobre-o-fim-da-escala-6x1\" target=\"_blank\" rel=\"noreferrer noopener\">jornada 6&#215;1<\/a><\/strong>, modelo em que o trabalhador atua seis dias consecutivos para folgar apenas um, \u00e9 amplamente utilizada em setores como com\u00e9rcio e servi\u00e7os. A proposta em discuss\u00e3o prev\u00ea uma <strong>redu\u00e7\u00e3o gradual do hor\u00e1rio de trabalho<\/strong>, o que pode alterar dispositivos centrais da <strong>CLT<\/strong> e exigir regulamenta\u00e7\u00e3o complementar.<\/p>\n\n\n\n<p>Do ponto de vista normativo, a mudan\u00e7a envolve ajustes constitucionais e infraconstitucionais, al\u00e9m de eventual redefini\u00e7\u00e3o dos limites da <strong>carga hor\u00e1ria semanal<\/strong>. A iniciativa tamb\u00e9m dialoga com princ\u00edpios de prote\u00e7\u00e3o ao trabalhador e com o equil\u00edbrio entre capital e trabalho.<\/p>\n\n\n\n<p>Entre os principais pontos jur\u00eddicos que podem ser impactados, destacam-se:<\/p>\n\n\n\n<ul class=\"wp-block-list\">\n<li><strong>Revis\u00e3o dos limites m\u00e1ximos de carga hor\u00e1ria semanal<\/strong> previstos na CLT<\/li>\n\n\n\n<li><strong>Necessidade de regulamenta\u00e7\u00e3o espec\u00edfica<\/strong> para setores com funcionamento cont\u00ednuo<\/li>\n\n\n\n<li><strong>Fortalecimento da negocia\u00e7\u00e3o coletiva<\/strong> como instrumento de adequa\u00e7\u00e3o setorial<\/li>\n\n\n\n<li><strong>Poss\u00edvel redefini\u00e7\u00e3o do pagamento de horas extras<\/strong> e adicionais<\/li>\n<\/ul>\n\n\n\n<h2 class=\"wp-block-heading\">Como a reforma\u00e7a trabalhista pode influenciar a redu\u00e7\u00e3o da jornada? <\/h2>\n\n\n\n<p>A <strong>reforma trabalhista<\/strong> ampliou a autonomia das conven\u00e7\u00f5es e acordos coletivos, permitindo maior flexibiliza\u00e7\u00e3o das rela\u00e7\u00f5es de trabalho. Nesse cen\u00e1rio, qualquer proposta de <strong>redu\u00e7\u00e3o de jornada<\/strong> precisa dialogar com o modelo j\u00e1 estabelecido, especialmente no que se refere ao negociado sobre o legislado.<\/p>\n\n\n\n<p>A eventual altera\u00e7\u00e3o da <strong>jornada 6&#215;1<\/strong> pode refor\u00e7ar o protagonismo sindical, exigindo maturidade institucional nas <strong>negocia\u00e7\u00f5es coletivas<\/strong>. Ao mesmo tempo, imp\u00f5e ao poder p\u00fablico o desafio de harmonizar competitividade empresarial e prote\u00e7\u00e3o social.<\/p>\n\n\n\n<p>Dentro dessa perspectiva, a reforma trabalhista pode influenciar o processo de redu\u00e7\u00e3o da jornada ao:<\/p>\n\n\n\n<ul class=\"wp-block-list\">\n<li><strong>Permitir ajustes diferenciados por categoria profissional<\/strong><\/li>\n\n\n\n<li><strong>Estimular acordos que preservem empregos<\/strong> e mantenham a produtividade<\/li>\n\n\n\n<li><strong>Flexibilizar a distribui\u00e7\u00e3o das horas<\/strong> ao longo da semana<\/li>\n\n\n\n<li><strong>Incentivar modelos h\u00edbridos de organiza\u00e7\u00e3o do trabalho<\/strong><\/li>\n<\/ul>\n\n\n\n<figure class=\"wp-block-image size-large\"><img decoding=\"async\" width=\"1024\" height=\"576\" src=\"https:\/\/www.uai.com.br\/uainoticias\/wp-content\/uploads\/2026\/03\/Design-sem-nome-21-1024x576.jpg\" alt=\"Redu\u00e7\u00e3o gradual do hor\u00e1rio de trabalho deve ser feita com com fim da jornada 6x1\" class=\"wp-image-113732\" srcset=\"https:\/\/www.uai.com.br\/uainoticias\/wp-content\/uploads\/2026\/03\/Design-sem-nome-21-1024x576.jpg 1024w, https:\/\/www.uai.com.br\/uainoticias\/wp-content\/uploads\/2026\/03\/Design-sem-nome-21-300x169.jpg 300w, https:\/\/www.uai.com.br\/uainoticias\/wp-content\/uploads\/2026\/03\/Design-sem-nome-21-768x432.jpg 768w, https:\/\/www.uai.com.br\/uainoticias\/wp-content\/uploads\/2026\/03\/Design-sem-nome-21-1536x864.jpg 1536w, https:\/\/www.uai.com.br\/uainoticias\/wp-content\/uploads\/2026\/03\/Design-sem-nome-21-2048x1152.jpg 2048w, https:\/\/www.uai.com.br\/uainoticias\/wp-content\/uploads\/2026\/03\/Design-sem-nome-21-750x422.jpg 750w, https:\/\/www.uai.com.br\/uainoticias\/wp-content\/uploads\/2026\/03\/Design-sem-nome-21-1140x641.jpg 1140w\" sizes=\"(max-width: 1024px) 100vw, 1024px\" \/><figcaption class=\"wp-element-caption\">A redu\u00e7\u00e3o da carga hor\u00e1ria pode exigir mudan\u00e7as constitucionais<\/figcaption><\/figure>\n\n\n\n<p><strong>Leia tamb\u00e9m: <a href=\"https:\/\/www.uai.com.br\/uainoticias\/2026\/02\/20\/adeus-ferias-de-30-dias-com-a-lei-trabalhista-em-vigor-em-2026\/\" target=\"_blank\" rel=\"noreferrer noopener\">Adeus f\u00e9rias de 30 dias com a lei trabalhista em vigor em 2026<\/a><\/strong><\/p>\n\n\n\n<h2 class=\"wp-block-heading\">Quais s\u00e3o os impactos jur\u00eddicos para empresas e trabalhadores? <\/h2>\n\n\n\n<p>A <strong>redu\u00e7\u00e3o gradual da jornada<\/strong> pode representar uma mudan\u00e7a estrutural nas rela\u00e7\u00f5es contratuais. Para as empresas, o desafio ser\u00e1 reorganizar escalas, rever custos operacionais e adaptar contratos de trabalho \u00e0s novas regras legais.<\/p>\n\n\n\n<p>Para os trabalhadores, o impacto pode ser positivo em termos de <strong>qualidade de vida no trabalho<\/strong>, com mais tempo de descanso e conv\u00edvio social. No entanto, h\u00e1 discuss\u00f5es sobre poss\u00edveis reflexos salariais, produtividade e sustentabilidade financeira de determinados setores.<\/p>\n\n\n\n<p>Do ponto de vista jur\u00eddico, os principais impactos envolvem <strong>seguran\u00e7a jur\u00eddica<\/strong> e previsibilidade normativa. Altera\u00e7\u00f5es abruptas podem gerar lit\u00edgios trabalhistas, enquanto uma transi\u00e7\u00e3o gradual tende a reduzir conflitos e assegurar maior estabilidade nas rela\u00e7\u00f5es de emprego.<\/p>\n\n\n\n<h2 class=\"wp-block-heading\">A redu\u00e7\u00e3o da jornada pode aumentar a produtividade e a qualidade de vida? <\/h2>\n\n\n\n<p>Estudos internacionais indicam que <strong>jornadas mais equilibradas<\/strong> podem elevar a produtividade e reduzir \u00edndices de afastamento por adoecimento. No Brasil, o debate ganha contornos pr\u00f3prios, considerando a realidade econ\u00f4mica e o perfil do mercado de trabalho.<\/p>\n\n\n\n<p>A <strong>qualidade de vida no trabalho<\/strong> \u00e9 um dos pilares dessa discuss\u00e3o. A diminui\u00e7\u00e3o da <strong>carga hor\u00e1ria semanal<\/strong> pode contribuir para melhor desempenho profissional, maior engajamento e redu\u00e7\u00e3o do estresse ocupacional.<\/p>\n\n\n\n<p>Entre os poss\u00edveis benef\u00edcios associados \u00e0 redu\u00e7\u00e3o da jornada, destacam-se:<\/p>\n\n\n\n<ul class=\"wp-block-list\">\n<li><strong>Melhoria no equil\u00edbrio entre vida pessoal e profissional<\/strong><\/li>\n\n\n\n<li><strong>Redu\u00e7\u00e3o de doen\u00e7as ocupacionais<\/strong> e afastamentos<\/li>\n\n\n\n<li><strong>Aumento da satisfa\u00e7\u00e3o e do comprometimento do trabalhador<\/strong><\/li>\n\n\n\n<li><strong>Potencial eleva\u00e7\u00e3o da efici\u00eancia operacional<\/strong><\/li>\n<\/ul>\n\n\n\n<p>O debate sobre o fim da <strong>jornada 6&#215;1<\/strong> transcende a simples reorganiza\u00e7\u00e3o de hor\u00e1rios. Trata-se de uma discuss\u00e3o estruturante sobre o futuro da <strong>legisla\u00e7\u00e3o trabalhista<\/strong>, os limites da <strong>carga hor\u00e1ria semanal<\/strong> e o papel da <strong>negocia\u00e7\u00e3o coletiva<\/strong> na constru\u00e7\u00e3o de um ambiente laboral mais justo, produtivo e sustent\u00e1vel.<\/p>\n","protected":false},"excerpt":{"rendered":"<p>A poss\u00edvel extin\u00e7\u00e3o da jornada 6&#215;1 e a redu\u00e7\u00e3o gradual da carga hor\u00e1ria semanal reacendem discuss\u00f5es sobre CLT, negocia\u00e7\u00e3o coletiva e produtividade. A proposta pode alterar regras trabalhistas, impactar empresas e ampliar a qualidade de vida no trabalho. A poss\u00edvel extin\u00e7\u00e3o da jornada 6&#215;1 e a proposta de redu\u00e7\u00e3o gradual da carga hor\u00e1ria semanal reacendem [&hellip;]<\/p>\n","protected":false},"author":21,"featured_media":113733,"comment_status":"open","ping_status":"open","sticky":false,"template":"","format":"standard","meta":{"jnews-multi-image_gallery":[],"jnews_single_post":{"format":"standard"},"jnews_primary_category":[],"jnews_social_meta":[],"jnews_override_counter":[],"footnotes":""},"categories":[1111],"tags":[479,21163,21165,21164],"class_list":["post-113724","post","type-post","status-publish","format-standard","has-post-thumbnail","hentry","category-emprego","tag-clt","tag-jornada-6x1","tag-negociacao-coletiva","tag-reducao-da-carga-horaria"],"yoast_head":"<!-- This site is optimized with the Yoast SEO plugin v26.5 - https:\/\/yoast.com\/wordpress\/plugins\/seo\/ -->\n<title>Redu\u00e7\u00e3o gradual do hor\u00e1rio de trabalho deve ser feita com com fim da jornada 6x1 - UAI Not\u00edcias<\/title>\n<meta name=\"description\" content=\"Fim da jornada 6x1 reacende debate sobre redu\u00e7\u00e3o da carga hor\u00e1ria, impactos na CLT, produtividade e direitos trabalhistas.\" \/>\n<meta name=\"robots\" content=\"index, follow, max-snippet:-1, max-image-preview:large, max-video-preview:-1\" \/>\n<link rel=\"canonical\" href=\"https:\/\/www.uai.com.br\/uainoticias\/2026\/03\/03\/reducao-gradual-do-horario-de-trabalho-deve-ser-feita-com-com-fim-da-jornada-6x1\/\" \/>\n<meta property=\"og:locale\" content=\"pt_BR\" \/>\n<meta property=\"og:type\" content=\"article\" \/>\n<meta property=\"og:title\" content=\"Redu\u00e7\u00e3o gradual do hor\u00e1rio de trabalho deve ser feita com com fim da jornada 6x1 - UAI Not\u00edcias\" \/>\n<meta property=\"og:description\" content=\"Fim da jornada 6x1 reacende debate sobre redu\u00e7\u00e3o da carga hor\u00e1ria, impactos na CLT, produtividade e direitos trabalhistas.\" \/>\n<meta property=\"og:url\" content=\"https:\/\/www.uai.com.br\/uainoticias\/2026\/03\/03\/reducao-gradual-do-horario-de-trabalho-deve-ser-feita-com-com-fim-da-jornada-6x1\/\" \/>\n<meta property=\"og:site_name\" content=\"UAI Not\u00edcias\" \/>\n<meta property=\"article:published_time\" content=\"2026-03-03T20:55:00+00:00\" \/>\n<meta property=\"og:image\" content=\"https:\/\/www.uai.com.br\/uainoticias\/wp-content\/uploads\/2026\/03\/Design-sem-nome-20.jpg\" \/>\n\t<meta property=\"og:image:width\" content=\"2560\" \/>\n\t<meta property=\"og:image:height\" content=\"1440\" \/>\n\t<meta property=\"og:image:type\" content=\"image\/jpeg\" \/>\n<meta name=\"author\" content=\"Elis Souza\" \/>\n<meta name=\"twitter:card\" content=\"summary_large_image\" \/>\n<meta name=\"twitter:label1\" content=\"Escrito por\" \/>\n\t<meta name=\"twitter:data1\" content=\"Elis Souza\" \/>\n\t<meta name=\"twitter:label2\" content=\"Est. tempo de leitura\" \/>\n\t<meta name=\"twitter:data2\" content=\"5 minutos\" \/>\n<!-- \/ Yoast SEO plugin. -->","yoast_head_json":{"title":"Redu\u00e7\u00e3o gradual do hor\u00e1rio de trabalho deve ser feita com com fim da jornada 6x1 - UAI Not\u00edcias","description":"Fim da jornada 6x1 reacende debate sobre redu\u00e7\u00e3o da carga hor\u00e1ria, impactos na CLT, produtividade e direitos trabalhistas.","robots":{"index":"index","follow":"follow","max-snippet":"max-snippet:-1","max-image-preview":"max-image-preview:large","max-video-preview":"max-video-preview:-1"},"canonical":"https:\/\/www.uai.com.br\/uainoticias\/2026\/03\/03\/reducao-gradual-do-horario-de-trabalho-deve-ser-feita-com-com-fim-da-jornada-6x1\/","og_locale":"pt_BR","og_type":"article","og_title":"Redu\u00e7\u00e3o gradual do hor\u00e1rio de trabalho deve ser feita com com fim da jornada 6x1 - UAI Not\u00edcias","og_description":"Fim da jornada 6x1 reacende debate sobre redu\u00e7\u00e3o da carga hor\u00e1ria, impactos na CLT, produtividade e direitos trabalhistas.","og_url":"https:\/\/www.uai.com.br\/uainoticias\/2026\/03\/03\/reducao-gradual-do-horario-de-trabalho-deve-ser-feita-com-com-fim-da-jornada-6x1\/","og_site_name":"UAI Not\u00edcias","article_published_time":"2026-03-03T20:55:00+00:00","og_image":[{"width":2560,"height":1440,"url":"https:\/\/www.uai.com.br\/uainoticias\/wp-content\/uploads\/2026\/03\/Design-sem-nome-20.jpg","type":"image\/jpeg"}],"author":"Elis Souza","twitter_card":"summary_large_image","twitter_misc":{"Escrito por":"Elis Souza","Est. tempo de leitura":"5 minutos"},"schema":{"@context":"https:\/\/schema.org","@graph":[{"@type":"WebPage","@id":"https:\/\/www.uai.com.br\/uainoticias\/2026\/03\/03\/reducao-gradual-do-horario-de-trabalho-deve-ser-feita-com-com-fim-da-jornada-6x1\/","url":"https:\/\/www.uai.com.br\/uainoticias\/2026\/03\/03\/reducao-gradual-do-horario-de-trabalho-deve-ser-feita-com-com-fim-da-jornada-6x1\/","name":"Redu\u00e7\u00e3o gradual do hor\u00e1rio de trabalho deve ser feita com com fim da jornada 6x1 - UAI Not\u00edcias","isPartOf":{"@id":"https:\/\/www.uai.com.br\/uainoticias\/#website"},"primaryImageOfPage":{"@id":"https:\/\/www.uai.com.br\/uainoticias\/2026\/03\/03\/reducao-gradual-do-horario-de-trabalho-deve-ser-feita-com-com-fim-da-jornada-6x1\/#primaryimage"},"image":{"@id":"https:\/\/www.uai.com.br\/uainoticias\/2026\/03\/03\/reducao-gradual-do-horario-de-trabalho-deve-ser-feita-com-com-fim-da-jornada-6x1\/#primaryimage"},"thumbnailUrl":"https:\/\/www.uai.com.br\/uainoticias\/wp-content\/uploads\/2026\/03\/Design-sem-nome-20.jpg","datePublished":"2026-03-03T20:55:00+00:00","author":{"@id":"https:\/\/www.uai.com.br\/uainoticias\/#\/schema\/person\/1258385bcc3fbd879fd10f9c170db42f"},"description":"Fim da jornada 6x1 reacende debate sobre redu\u00e7\u00e3o da carga hor\u00e1ria, impactos na CLT, produtividade e direitos trabalhistas.","breadcrumb":{"@id":"https:\/\/www.uai.com.br\/uainoticias\/2026\/03\/03\/reducao-gradual-do-horario-de-trabalho-deve-ser-feita-com-com-fim-da-jornada-6x1\/#breadcrumb"},"inLanguage":"pt-BR","potentialAction":[{"@type":"ReadAction","target":["https:\/\/www.uai.com.br\/uainoticias\/2026\/03\/03\/reducao-gradual-do-horario-de-trabalho-deve-ser-feita-com-com-fim-da-jornada-6x1\/"]}]},{"@type":"ImageObject","inLanguage":"pt-BR","@id":"https:\/\/www.uai.com.br\/uainoticias\/2026\/03\/03\/reducao-gradual-do-horario-de-trabalho-deve-ser-feita-com-com-fim-da-jornada-6x1\/#primaryimage","url":"https:\/\/www.uai.com.br\/uainoticias\/wp-content\/uploads\/2026\/03\/Design-sem-nome-20.jpg","contentUrl":"https:\/\/www.uai.com.br\/uainoticias\/wp-content\/uploads\/2026\/03\/Design-sem-nome-20.jpg","width":2560,"height":1440,"caption":"A jornada 6x1 \u00e9 comum nos setores de com\u00e9rcio e servi\u00e7os"},{"@type":"BreadcrumbList","@id":"https:\/\/www.uai.com.br\/uainoticias\/2026\/03\/03\/reducao-gradual-do-horario-de-trabalho-deve-ser-feita-com-com-fim-da-jornada-6x1\/#breadcrumb","itemListElement":[{"@type":"ListItem","position":1,"name":"In\u00edcio","item":"https:\/\/www.uai.com.br\/uainoticias\/"},{"@type":"ListItem","position":2,"name":"Redu\u00e7\u00e3o gradual do hor\u00e1rio de trabalho deve ser feita com com fim da jornada 6&#215;1"}]},{"@type":"WebSite","@id":"https:\/\/www.uai.com.br\/uainoticias\/#website","url":"https:\/\/www.uai.com.br\/uainoticias\/","name":"UAI Not\u00edcias","description":"Acompanhe as \u00faltimas not\u00edcias e fique bem informado sobre tudo o que acontece no Brasil e no mundo.","potentialAction":[{"@type":"SearchAction","target":{"@type":"EntryPoint","urlTemplate":"https:\/\/www.uai.com.br\/uainoticias\/?s={search_term_string}"},"query-input":{"@type":"PropertyValueSpecification","valueRequired":true,"valueName":"search_term_string"}}],"inLanguage":"pt-BR"},{"@type":"Person","@id":"https:\/\/www.uai.com.br\/uainoticias\/#\/schema\/person\/1258385bcc3fbd879fd10f9c170db42f","name":"Elis Souza","image":{"@type":"ImageObject","inLanguage":"pt-BR","@id":"https:\/\/www.uai.com.br\/uainoticias\/#\/schema\/person\/image\/","url":"https:\/\/secure.gravatar.com\/avatar\/3e64245e1729ae956ad3b8c7668da27e14acd24beef730713818f246d196582a?s=96&d=mm&r=g","contentUrl":"https:\/\/secure.gravatar.com\/avatar\/3e64245e1729ae956ad3b8c7668da27e14acd24beef730713818f246d196582a?s=96&d=mm&r=g","caption":"Elis Souza"},"sameAs":["https:\/\/www.uai.com.br\/uainoticias\/"],"url":"https:\/\/www.uai.com.br\/uainoticias\/author\/elissouza\/"}]}},"_links":{"self":[{"href":"https:\/\/www.uai.com.br\/uainoticias\/wp-json\/wp\/v2\/posts\/113724","targetHints":{"allow":["GET"]}}],"collection":[{"href":"https:\/\/www.uai.com.br\/uainoticias\/wp-json\/wp\/v2\/posts"}],"about":[{"href":"https:\/\/www.uai.com.br\/uainoticias\/wp-json\/wp\/v2\/types\/post"}],"author":[{"embeddable":true,"href":"https:\/\/www.uai.com.br\/uainoticias\/wp-json\/wp\/v2\/users\/21"}],"replies":[{"embeddable":true,"href":"https:\/\/www.uai.com.br\/uainoticias\/wp-json\/wp\/v2\/comments?post=113724"}],"version-history":[{"count":1,"href":"https:\/\/www.uai.com.br\/uainoticias\/wp-json\/wp\/v2\/posts\/113724\/revisions"}],"predecessor-version":[{"id":113736,"href":"https:\/\/www.uai.com.br\/uainoticias\/wp-json\/wp\/v2\/posts\/113724\/revisions\/113736"}],"wp:featuredmedia":[{"embeddable":true,"href":"https:\/\/www.uai.com.br\/uainoticias\/wp-json\/wp\/v2\/media\/113733"}],"wp:attachment":[{"href":"https:\/\/www.uai.com.br\/uainoticias\/wp-json\/wp\/v2\/media?parent=113724"}],"wp:term":[{"taxonomy":"category","embeddable":true,"href":"https:\/\/www.uai.com.br\/uainoticias\/wp-json\/wp\/v2\/categories?post=113724"},{"taxonomy":"post_tag","embeddable":true,"href":"https:\/\/www.uai.com.br\/uainoticias\/wp-json\/wp\/v2\/tags?post=113724"}],"curies":[{"name":"wp","href":"https:\/\/api.w.org\/{rel}","templated":true}]}}