{"id":105796,"date":"2026-02-02T16:15:00","date_gmt":"2026-02-02T19:15:00","guid":{"rendered":"https:\/\/www.uai.com.br\/uainoticias\/?p=105796"},"modified":"2026-02-02T11:31:35","modified_gmt":"2026-02-02T14:31:35","slug":"nomes-de-menina-em-queda-podem-influenciar-escolhas-familiares-em-2026","status":"publish","type":"post","link":"https:\/\/www.uai.com.br\/uainoticias\/2026\/02\/02\/nomes-de-menina-em-queda-podem-influenciar-escolhas-familiares-em-2026\/","title":{"rendered":"Nomes de menina em queda podem influenciar escolhas familiares em 2026"},"content":{"rendered":"\n<h2 class=\"wp-block-heading\">Registros recentes indicam queda no uso de nomes de menina tradicionais, hoje considerados raros. Tend\u00eancia reflete mudan\u00e7as culturais, busca por originalidade moderada e novas refer\u00eancias familiares na escolha do nome.<\/h2>\n\n\n\n<p>Escolher um <strong>nome de menina<\/strong> costuma marcar uma fase importante da gesta\u00e7\u00e3o. Assim que a gravidez \u00e9 confirmada, familiares passam a listar op\u00e7\u00f5es, pesquisar significados e relembrar nomes antigos, enquanto cresce a curiosidade sobre <strong>nomes femininos raros<\/strong>, em queda de uso ou quase esquecidos nos registros recentes.<\/p>\n\n\n\n<h2 class=\"wp-block-heading\">O que \u00e9 um nome de menina em extin\u00e7\u00e3o<\/h2>\n\n\n\n<p>Um <strong><a href=\"https:\/\/paisefilhos.com.br\/nomes\/qual-nome-de-menina-que-quase-nao-aparece-mais-em-2026\/\" target=\"_blank\" rel=\"noreferrer noopener\">nome de menina<\/a> em extin\u00e7\u00e3o<\/strong> n\u00e3o \u00e9 aquele que deixou de existir por completo, mas o que registra forte queda de popularidade ao longo dos anos. Em vez de figurar entre os mais usados, passa a aparecer de forma espor\u00e1dica em listas oficiais e bancos de dados, tornando-se um <strong>nome feminino raro<\/strong> nas novas gera\u00e7\u00f5es.<\/p>\n\n\n\n<p>Esse movimento pode ser medido por registros de cart\u00f3rios, censos e plataformas em que fam\u00edlias indicam <strong>nomes favoritos para beb\u00eas<\/strong>. Assim, torna-se poss\u00edvel identificar aqueles que caminham para a raridade, mesmo sem desaparecerem por completo, e reconhecer padr\u00f5es de <strong>nomes femininos em desuso<\/strong> ao longo das d\u00e9cadas.<\/p>\n\n\n<div class=\"wp-block-image\">\n<figure class=\"aligncenter size-large\"><img decoding=\"async\" width=\"1024\" height=\"576\" src=\"https:\/\/www.uai.com.br\/uainoticias\/wp-content\/uploads\/2025\/12\/feminina-_1765384890187-1024x576.jpg\" alt=\"Nomes de menina em queda podem influenciar escolhas familiares em 2026\" class=\"wp-image-94057\" srcset=\"https:\/\/www.uai.com.br\/uainoticias\/wp-content\/uploads\/2025\/12\/feminina-_1765384890187-1024x576.jpg 1024w, https:\/\/www.uai.com.br\/uainoticias\/wp-content\/uploads\/2025\/12\/feminina-_1765384890187-300x169.jpg 300w, https:\/\/www.uai.com.br\/uainoticias\/wp-content\/uploads\/2025\/12\/feminina-_1765384890187-768x432.jpg 768w, https:\/\/www.uai.com.br\/uainoticias\/wp-content\/uploads\/2025\/12\/feminina-_1765384890187-750x422.jpg 750w, https:\/\/www.uai.com.br\/uainoticias\/wp-content\/uploads\/2025\/12\/feminina-_1765384890187-1140x641.jpg 1140w, https:\/\/www.uai.com.br\/uainoticias\/wp-content\/uploads\/2025\/12\/feminina-_1765384890187.jpg 1280w\" sizes=\"(max-width: 1024px) 100vw, 1024px\" \/><figcaption class=\"wp-element-caption\">Popularidade de nomes femininos muda ao longo das gera\u00e7\u00f5es &#8211; Cr\u00e9ditos: (depositphotos.com \/ AllaSerebrina)<\/figcaption><\/figure><\/div>\n\n\n<h2 class=\"wp-block-heading\">Por que alguns nomes de menina raros perdem espa\u00e7o<\/h2>\n\n\n\n<p>As raz\u00f5es que explicam a queda de uso de um <strong>nome feminino raro<\/strong> envolvem fatores culturais, sociais e at\u00e9 midi\u00e1ticos. Pais e m\u00e3es costumam evitar repetir nomes que marcaram uma gera\u00e7\u00e3o inteira, o que faz certos <strong>nomes de menina antigos<\/strong> sa\u00edrem de cena com o passar do tempo.<\/p>\n\n\n\n<p>Outro elemento \u00e9 a busca por <strong>originalidade moderada<\/strong>, um equil\u00edbrio entre nomes muito comuns e escolhas consideradas exc\u00eantricas. S\u00e9ries, novelas, filmes e redes sociais tamb\u00e9m criam ondas passageiras de popularidade, abrindo espa\u00e7o, depois, para que <strong>nomes femininos cl\u00e1ssicos<\/strong> sejam redescobertos por novas gera\u00e7\u00f5es.<\/p>\n\n\n\n<h2 class=\"wp-block-heading\">Quais aspectos avaliar antes de escolher um nome de menina em extin\u00e7\u00e3o<\/h2>\n\n\n\n<p>Ao considerar um <strong>nome de menina antigo<\/strong> ou <strong>pouco usado<\/strong>, algumas verifica\u00e7\u00f5es ajudam a tornar a escolha mais segura ao longo da vida da crian\u00e7a. A decis\u00e3o acompanha o desenvolvimento escolar, social e profissional, por isso especialistas sugerem uma an\u00e1lise pr\u00e1tica do nome em diferentes contextos.<\/p>\n\n\n\n<p>Entre os principais pontos, costumam ser observados:<\/p>\n\n\n\n<ul class=\"wp-block-list\">\n<li>Como o <strong>nome feminino<\/strong> soa ao ser chamado em p\u00fablico, em sala de aula ou em ambientes formais.<\/li>\n\n\n\n<li>Se a grafia \u00e9 simples o bastante para evitar erros frequentes em documentos.<\/li>\n\n\n\n<li>Se a pron\u00fancia \u00e9 clara em diferentes regi\u00f5es do pa\u00eds.<\/li>\n\n\n\n<li>Se o significado \u00e9 adequado aos valores da fam\u00edlia.<\/li>\n\n\n\n<li>Se a combina\u00e7\u00e3o com os sobrenomes mant\u00e9m boa harmonia sonora.<\/li>\n<\/ul>\n\n\n\n<h2 class=\"wp-block-heading\">Como surgem as listas de nomes de menina raros<\/h2>\n\n\n\n<p>Listas de <strong><a href=\"https:\/\/www.uai.com.br\/uainoticias\/2026\/01\/28\/nomes-curtos-femininos-inspirados-nos-filmes-do-studio-ghibli-viram-tendencia-entre-os-brasileiros-na-hora-de-nomear-suas-filhas\/\" target=\"_blank\" rel=\"noreferrer noopener\">nomes femininos<\/a> raros<\/strong> costumam ser elaboradas a partir de dados oficiais e de tend\u00eancias registradas em sites de maternidade e plataformas de escolha de nomes. Esses levantamentos podem incluir <strong>nomes estrangeiros em desuso<\/strong>, nomes tradicionais de determinadas regi\u00f5es e at\u00e9 varia\u00e7\u00f5es de grafia que deixaram de ser usuais.<\/p>\n\n\n\n<p>Esses dados n\u00e3o funcionam como regra, mas como refer\u00eancia para entender mudan\u00e7as sociais. Para algumas fam\u00edlias, servem como alerta de que determinado <strong>nome feminino<\/strong> pode parecer datado; para outras, funcionam como est\u00edmulo para resgatar <strong>nomes de menina quase esquecidos<\/strong>, especialmente em homenagens a av\u00f3s, bisav\u00f3s ou figuras marcantes da hist\u00f3ria familiar.<\/p>\n\n\n<div class=\"wp-block-image\">\n<figure class=\"aligncenter size-large\"><img decoding=\"async\" width=\"1024\" height=\"576\" src=\"https:\/\/www.uai.com.br\/uainoticias\/wp-content\/uploads\/2026\/01\/meninas_1769621329346-1024x576.jpg\" alt=\"Nomes de menina em queda podem influenciar escolhas familiares em 2026\" class=\"wp-image-105800\" srcset=\"https:\/\/www.uai.com.br\/uainoticias\/wp-content\/uploads\/2026\/01\/meninas_1769621329346-1024x576.jpg 1024w, https:\/\/www.uai.com.br\/uainoticias\/wp-content\/uploads\/2026\/01\/meninas_1769621329346-300x169.jpg 300w, https:\/\/www.uai.com.br\/uainoticias\/wp-content\/uploads\/2026\/01\/meninas_1769621329346-768x432.jpg 768w, https:\/\/www.uai.com.br\/uainoticias\/wp-content\/uploads\/2026\/01\/meninas_1769621329346-750x422.jpg 750w, https:\/\/www.uai.com.br\/uainoticias\/wp-content\/uploads\/2026\/01\/meninas_1769621329346-1140x641.jpg 1140w, https:\/\/www.uai.com.br\/uainoticias\/wp-content\/uploads\/2026\/01\/meninas_1769621329346.jpg 1280w\" sizes=\"(max-width: 1024px) 100vw, 1024px\" \/><figcaption class=\"wp-element-caption\">Popularidade de nomes femininos muda ao longo das gera\u00e7\u00f5es &#8211; Cr\u00e9ditos: (depositphotos.com \/ simbiothy)<\/figcaption><\/figure><\/div>\n\n\n<h2 class=\"wp-block-heading\">Como equilibrar tradi\u00e7\u00e3o, modernidade e identidade no nome da menina<\/h2>\n\n\n\n<p>Entre um <strong>nome feminino popular<\/strong> e um <strong>nome de menina em desuso<\/strong>, o ponto de equil\u00edbrio costuma estar na hist\u00f3ria de cada fam\u00edlia. Alguns priorizam nomes curtos e f\u00e1ceis de escrever, enquanto outros preferem originalidade, regionalismo ou refer\u00eancias culturais espec\u00edficas, optando por <strong>nomes femininos tradicionais<\/strong> ligados \u00e0s pr\u00f3prias ra\u00edzes.<\/p>\n\n\n\n<p>Uma estrat\u00e9gia comum \u00e9 combinar um primeiro nome mais atual com um segundo nome tradicional, muitas vezes herdado de familiares mais velhos. Tamb\u00e9m \u00e9 frequente manter o <strong>nome raro<\/strong> e ajustar apenas a grafia para facilitar a pron\u00fancia, permitindo que o nome ganhe sentido real no cotidiano, por meio de apelidos carinhosos e das experi\u00eancias que constroem a trajet\u00f3ria da crian\u00e7a.<\/p>\n","protected":false},"excerpt":{"rendered":"<p>Registros recentes indicam queda no uso de nomes de menina tradicionais, hoje considerados raros. Tend\u00eancia reflete mudan\u00e7as culturais, busca por originalidade moderada e novas refer\u00eancias familiares na escolha do nome. Escolher um nome de menina costuma marcar uma fase importante da gesta\u00e7\u00e3o. Assim que a gravidez \u00e9 confirmada, familiares passam a listar op\u00e7\u00f5es, pesquisar significados [&hellip;]<\/p>\n","protected":false},"author":20,"featured_media":105604,"comment_status":"open","ping_status":"open","sticky":false,"template":"","format":"standard","meta":{"jnews-multi-image_gallery":[],"jnews_single_post":{"format":"standard"},"jnews_primary_category":[],"jnews_social_meta":[],"jnews_override_counter":[],"footnotes":""},"categories":[3046,475],"tags":[15247,20081,1272],"class_list":["post-105796","post","type-post","status-publish","format-standard","has-post-thumbnail","hentry","category-curiosidades","category-entretenimento","tag-familiares","tag-menina","tag-nomes"],"yoast_head":"<!-- This site is optimized with the Yoast SEO plugin v26.5 - https:\/\/yoast.com\/wordpress\/plugins\/seo\/ -->\n<title>Nomes de menina em queda podem influenciar escolhas familiares em 2026 - UAI Not\u00edcias<\/title>\n<meta name=\"description\" content=\"Queda no uso de nomes de menina tradicionais chama aten\u00e7\u00e3o de fam\u00edlias que buscam op\u00e7\u00f5es raras, avaliando significado e adapta\u00e7\u00e3o.\" \/>\n<meta name=\"robots\" content=\"index, follow, max-snippet:-1, max-image-preview:large, max-video-preview:-1\" \/>\n<link rel=\"canonical\" href=\"https:\/\/www.uai.com.br\/uainoticias\/2026\/02\/02\/nomes-de-menina-em-queda-podem-influenciar-escolhas-familiares-em-2026\/\" \/>\n<meta property=\"og:locale\" content=\"pt_BR\" \/>\n<meta property=\"og:type\" content=\"article\" \/>\n<meta property=\"og:title\" content=\"Nomes de menina em queda podem influenciar escolhas familiares em 2026 - UAI Not\u00edcias\" \/>\n<meta property=\"og:description\" content=\"Queda no uso de nomes de menina tradicionais chama aten\u00e7\u00e3o de fam\u00edlias que buscam op\u00e7\u00f5es raras, avaliando significado e adapta\u00e7\u00e3o.\" \/>\n<meta property=\"og:url\" content=\"https:\/\/www.uai.com.br\/uainoticias\/2026\/02\/02\/nomes-de-menina-em-queda-podem-influenciar-escolhas-familiares-em-2026\/\" \/>\n<meta property=\"og:site_name\" content=\"UAI Not\u00edcias\" \/>\n<meta property=\"article:published_time\" content=\"2026-02-02T19:15:00+00:00\" \/>\n<meta property=\"og:image\" content=\"https:\/\/www.uai.com.br\/uainoticias\/wp-content\/uploads\/2026\/01\/crianca_1769526277336.jpg\" \/>\n\t<meta property=\"og:image:width\" content=\"1280\" \/>\n\t<meta property=\"og:image:height\" content=\"720\" \/>\n\t<meta property=\"og:image:type\" content=\"image\/jpeg\" \/>\n<meta name=\"author\" content=\"PedroAquemin Aquemin\" \/>\n<meta name=\"twitter:card\" content=\"summary_large_image\" \/>\n<meta name=\"twitter:label1\" content=\"Escrito por\" \/>\n\t<meta name=\"twitter:data1\" content=\"PedroAquemin Aquemin\" \/>\n\t<meta name=\"twitter:label2\" content=\"Est. tempo de leitura\" \/>\n\t<meta name=\"twitter:data2\" content=\"5 minutos\" \/>\n<!-- \/ Yoast SEO plugin. -->","yoast_head_json":{"title":"Nomes de menina em queda podem influenciar escolhas familiares em 2026 - UAI Not\u00edcias","description":"Queda no uso de nomes de menina tradicionais chama aten\u00e7\u00e3o de fam\u00edlias que buscam op\u00e7\u00f5es raras, avaliando significado e adapta\u00e7\u00e3o.","robots":{"index":"index","follow":"follow","max-snippet":"max-snippet:-1","max-image-preview":"max-image-preview:large","max-video-preview":"max-video-preview:-1"},"canonical":"https:\/\/www.uai.com.br\/uainoticias\/2026\/02\/02\/nomes-de-menina-em-queda-podem-influenciar-escolhas-familiares-em-2026\/","og_locale":"pt_BR","og_type":"article","og_title":"Nomes de menina em queda podem influenciar escolhas familiares em 2026 - UAI Not\u00edcias","og_description":"Queda no uso de nomes de menina tradicionais chama aten\u00e7\u00e3o de fam\u00edlias que buscam op\u00e7\u00f5es raras, avaliando significado e adapta\u00e7\u00e3o.","og_url":"https:\/\/www.uai.com.br\/uainoticias\/2026\/02\/02\/nomes-de-menina-em-queda-podem-influenciar-escolhas-familiares-em-2026\/","og_site_name":"UAI Not\u00edcias","article_published_time":"2026-02-02T19:15:00+00:00","og_image":[{"width":1280,"height":720,"url":"https:\/\/www.uai.com.br\/uainoticias\/wp-content\/uploads\/2026\/01\/crianca_1769526277336.jpg","type":"image\/jpeg"}],"author":"PedroAquemin Aquemin","twitter_card":"summary_large_image","twitter_misc":{"Escrito por":"PedroAquemin Aquemin","Est. tempo de leitura":"5 minutos"},"schema":{"@context":"https:\/\/schema.org","@graph":[{"@type":"WebPage","@id":"https:\/\/www.uai.com.br\/uainoticias\/2026\/02\/02\/nomes-de-menina-em-queda-podem-influenciar-escolhas-familiares-em-2026\/","url":"https:\/\/www.uai.com.br\/uainoticias\/2026\/02\/02\/nomes-de-menina-em-queda-podem-influenciar-escolhas-familiares-em-2026\/","name":"Nomes de menina em queda podem influenciar escolhas familiares em 2026 - UAI Not\u00edcias","isPartOf":{"@id":"https:\/\/www.uai.com.br\/uainoticias\/#website"},"primaryImageOfPage":{"@id":"https:\/\/www.uai.com.br\/uainoticias\/2026\/02\/02\/nomes-de-menina-em-queda-podem-influenciar-escolhas-familiares-em-2026\/#primaryimage"},"image":{"@id":"https:\/\/www.uai.com.br\/uainoticias\/2026\/02\/02\/nomes-de-menina-em-queda-podem-influenciar-escolhas-familiares-em-2026\/#primaryimage"},"thumbnailUrl":"https:\/\/www.uai.com.br\/uainoticias\/wp-content\/uploads\/2026\/01\/crianca_1769526277336.jpg","datePublished":"2026-02-02T19:15:00+00:00","author":{"@id":"https:\/\/www.uai.com.br\/uainoticias\/#\/schema\/person\/35385199f50e2775f9711660d8c09d55"},"description":"Queda no uso de nomes de menina tradicionais chama aten\u00e7\u00e3o de fam\u00edlias que buscam op\u00e7\u00f5es raras, avaliando significado e adapta\u00e7\u00e3o.","breadcrumb":{"@id":"https:\/\/www.uai.com.br\/uainoticias\/2026\/02\/02\/nomes-de-menina-em-queda-podem-influenciar-escolhas-familiares-em-2026\/#breadcrumb"},"inLanguage":"pt-BR","potentialAction":[{"@type":"ReadAction","target":["https:\/\/www.uai.com.br\/uainoticias\/2026\/02\/02\/nomes-de-menina-em-queda-podem-influenciar-escolhas-familiares-em-2026\/"]}]},{"@type":"ImageObject","inLanguage":"pt-BR","@id":"https:\/\/www.uai.com.br\/uainoticias\/2026\/02\/02\/nomes-de-menina-em-queda-podem-influenciar-escolhas-familiares-em-2026\/#primaryimage","url":"https:\/\/www.uai.com.br\/uainoticias\/wp-content\/uploads\/2026\/01\/crianca_1769526277336.jpg","contentUrl":"https:\/\/www.uai.com.br\/uainoticias\/wp-content\/uploads\/2026\/01\/crianca_1769526277336.jpg","width":1280,"height":720,"caption":"Popularidade de nomes femininos muda ao longo das gera\u00e7\u00f5es - Cr\u00e9ditos: (depositphotos.com \/ DragonImages)"},{"@type":"BreadcrumbList","@id":"https:\/\/www.uai.com.br\/uainoticias\/2026\/02\/02\/nomes-de-menina-em-queda-podem-influenciar-escolhas-familiares-em-2026\/#breadcrumb","itemListElement":[{"@type":"ListItem","position":1,"name":"In\u00edcio","item":"https:\/\/www.uai.com.br\/uainoticias\/"},{"@type":"ListItem","position":2,"name":"Nomes de menina em queda podem influenciar escolhas familiares em 2026"}]},{"@type":"WebSite","@id":"https:\/\/www.uai.com.br\/uainoticias\/#website","url":"https:\/\/www.uai.com.br\/uainoticias\/","name":"UAI Not\u00edcias","description":"Acompanhe as \u00faltimas not\u00edcias e fique bem informado sobre tudo o que acontece no Brasil e no mundo.","potentialAction":[{"@type":"SearchAction","target":{"@type":"EntryPoint","urlTemplate":"https:\/\/www.uai.com.br\/uainoticias\/?s={search_term_string}"},"query-input":{"@type":"PropertyValueSpecification","valueRequired":true,"valueName":"search_term_string"}}],"inLanguage":"pt-BR"},{"@type":"Person","@id":"https:\/\/www.uai.com.br\/uainoticias\/#\/schema\/person\/35385199f50e2775f9711660d8c09d55","name":"PedroAquemin Aquemin","image":{"@type":"ImageObject","inLanguage":"pt-BR","@id":"https:\/\/www.uai.com.br\/uainoticias\/#\/schema\/person\/image\/","url":"https:\/\/secure.gravatar.com\/avatar\/e1a9efe2774aa208b48cf3a89e28c905e44a0023959296d95714dfc460b02703?s=96&d=mm&r=g","contentUrl":"https:\/\/secure.gravatar.com\/avatar\/e1a9efe2774aa208b48cf3a89e28c905e44a0023959296d95714dfc460b02703?s=96&d=mm&r=g","caption":"PedroAquemin Aquemin"},"sameAs":["https:\/\/www.uai.com.br\/uainoticias"],"url":"https:\/\/www.uai.com.br\/uainoticias\/author\/pedroaquemin\/"}]}},"_links":{"self":[{"href":"https:\/\/www.uai.com.br\/uainoticias\/wp-json\/wp\/v2\/posts\/105796","targetHints":{"allow":["GET"]}}],"collection":[{"href":"https:\/\/www.uai.com.br\/uainoticias\/wp-json\/wp\/v2\/posts"}],"about":[{"href":"https:\/\/www.uai.com.br\/uainoticias\/wp-json\/wp\/v2\/types\/post"}],"author":[{"embeddable":true,"href":"https:\/\/www.uai.com.br\/uainoticias\/wp-json\/wp\/v2\/users\/20"}],"replies":[{"embeddable":true,"href":"https:\/\/www.uai.com.br\/uainoticias\/wp-json\/wp\/v2\/comments?post=105796"}],"version-history":[{"count":1,"href":"https:\/\/www.uai.com.br\/uainoticias\/wp-json\/wp\/v2\/posts\/105796\/revisions"}],"predecessor-version":[{"id":105802,"href":"https:\/\/www.uai.com.br\/uainoticias\/wp-json\/wp\/v2\/posts\/105796\/revisions\/105802"}],"wp:featuredmedia":[{"embeddable":true,"href":"https:\/\/www.uai.com.br\/uainoticias\/wp-json\/wp\/v2\/media\/105604"}],"wp:attachment":[{"href":"https:\/\/www.uai.com.br\/uainoticias\/wp-json\/wp\/v2\/media?parent=105796"}],"wp:term":[{"taxonomy":"category","embeddable":true,"href":"https:\/\/www.uai.com.br\/uainoticias\/wp-json\/wp\/v2\/categories?post=105796"},{"taxonomy":"post_tag","embeddable":true,"href":"https:\/\/www.uai.com.br\/uainoticias\/wp-json\/wp\/v2\/tags?post=105796"}],"curies":[{"name":"wp","href":"https:\/\/api.w.org\/{rel}","templated":true}]}}