{"id":105768,"date":"2026-02-02T15:45:00","date_gmt":"2026-02-02T18:45:00","guid":{"rendered":"https:\/\/www.uai.com.br\/uainoticias\/?p=105768"},"modified":"2026-02-02T11:32:34","modified_gmt":"2026-02-02T14:32:34","slug":"caso-da-pug-juju-mostra-como-a-parada-cardiaca-em-caes-pode-exigir-reabilitacao-prolongada-com-acompanhamento-veterinario-e-adaptacao-da-rotina","status":"publish","type":"post","link":"https:\/\/www.uai.com.br\/uainoticias\/2026\/02\/02\/caso-da-pug-juju-mostra-como-a-parada-cardiaca-em-caes-pode-exigir-reabilitacao-prolongada-com-acompanhamento-veterinario-e-adaptacao-da-rotina\/","title":{"rendered":"Caso da pug Juju mostra como a parada card\u00edaca em c\u00e3es pode exigir reabilita\u00e7\u00e3o prolongada, com acompanhamento veterin\u00e1rio e adapta\u00e7\u00e3o da rotina"},"content":{"rendered":"\n<h2 class=\"wp-block-heading\">Cadela da ra\u00e7a pug sofreu parada card\u00edaca, ficou cerca de cinco minutos sem sinais vitais e retornou \u00e0 vida com sequelas neurol\u00f3gicas. Caso mostra riscos da parada cardiorrespirat\u00f3ria em c\u00e3es e desafios da reabilita\u00e7\u00e3o.<\/h2>\n\n\n\n<p>Ela tinha apenas quatro anos quando uma <strong>parada card\u00edaca<\/strong> interrompeu a rotina da fam\u00edlia. A cadela da ra\u00e7a <strong>pug<\/strong>, carism\u00e1tica e conhecida nas redes sociais como <strong>Juju<\/strong>, ficou clinicamente morta por cerca de cinco minutos e retornou \u00e0 vida com sequelas importantes. Sem enxergar, sem conseguir andar e com progn\u00f3stico reservado, o caso chamou aten\u00e7\u00e3o pela gravidade, pelos desafios da recupera\u00e7\u00e3o e pela dedica\u00e7\u00e3o da fam\u00edlia em seguir todas as orienta\u00e7\u00f5es veterin\u00e1rias.<\/p>\n\n\n\n<h2 class=\"wp-block-heading\">O que aconteceu com a pug Juju ap\u00f3s a parada card\u00edaca<\/h2>\n\n\n\n<p>Ap\u00f3s a <strong>parada card\u00edaca<\/strong>, Juju apresentou sinais compat\u00edveis com <strong>dano neurol\u00f3gico grave<\/strong>: cegueira, incapacidade de se locomover e dificuldade para realizar atividades b\u00e1sicas. Situa\u00e7\u00f5es como essa ocorrem quando o <strong>c\u00e9rebro<\/strong> fica sem oxig\u00eanio por alguns minutos, o que pode afetar vis\u00e3o, coordena\u00e7\u00e3o motora, comportamento e at\u00e9 fun\u00e7\u00f5es vitais.<\/p>\n\n\n\n<p>A partir desse momento, a rotina da casa passou a girar em torno de <strong><a href=\"https:\/\/www.uai.com.br\/uainoticias\/2026\/01\/12\/alguns-cuidados-com-pets-parecem-demonstracao-de-carinho-mas-podem-causar-doencas-silenciosas-e-problemas-de-saude\/\" target=\"_blank\" rel=\"noreferrer noopener\">cuidados<\/a> intensivos<\/strong>, consultas frequentes e adapta\u00e7\u00f5es para garantir conforto e seguran\u00e7a \u00e0 cadela. Uso de tapetes antiderrapantes, limita\u00e7\u00e3o de escadas e cria\u00e7\u00e3o de rotas seguras dentro de casa s\u00e3o medidas comuns em c\u00e3es com limita\u00e7\u00f5es neurol\u00f3gicas.<\/p>\n\n\n\n<h2 class=\"wp-block-heading\">Como foi o processo de reabilita\u00e7\u00e3o e fisioterapia de Juju<\/h2>\n\n\n\n<p>No v\u00eddeo que viralizou, a tutora descreve o processo de <strong>reabilita\u00e7\u00e3o<\/strong>, mostrando desde a alimenta\u00e7\u00e3o assistida at\u00e9 as primeiras tentativas de se manter em p\u00e9. Sess\u00f5es de <strong>fisioterapia veterin\u00e1ria<\/strong> e <strong>acupuntura<\/strong> foram inclu\u00eddas no plano terap\u00eautico, recursos bastante usados na <strong>medicina veterin\u00e1ria<\/strong> atual para estimular m\u00fasculos, articula\u00e7\u00f5es e sistema nervoso.<\/p>\n\n\n\n<p>Em alguns casos semelhantes, tamb\u00e9m podem ser indicadas terapias complementares, como hidroterapia e estimula\u00e7\u00e3o ambiental controlada, sempre supervisionadas por profissionais especializados em <strong>neurologia veterin\u00e1ria<\/strong> e reabilita\u00e7\u00e3o. Aos poucos, a pug come\u00e7ou a comer sozinha, a se equilibrar e, mais tarde, a caminhar com maior firmeza, mostrando a import\u00e2ncia de um <strong>tratamento multidisciplinar<\/strong> aliado ao envolvimento da fam\u00edlia.<\/p>\n\n\n\n<p>Confira a publica\u00e7\u00e3o da <strong><a href=\"https:\/\/www.tiktok.com\/@realdailyamanda?refer=embed\" target=\"_blank\" rel=\"noreferrer noopener\">realdailyamanda<\/a><\/strong>, no <strong>Instagram<\/strong>, com a mensagem <strong>\u201cDeus fez um milagre e hoje ela est\u00e1 perfeita\u201d<\/strong>, destacando <strong>testemunho de f\u00e9 e supera\u00e7\u00e3o<\/strong>, <strong>gratid\u00e3o pela recupera\u00e7\u00e3o<\/strong> e o foco em <strong>esperan\u00e7a, milagre e fortalecimento espiritual<\/strong>:<\/p>\n\n\n\n<blockquote class=\"tiktok-embed\" cite=\"https:\/\/www.tiktok.com\/@realdailyamanda\/video\/7597950861423250696\" data-video-id=\"7597950861423250696\" style=\"max-width: 605px;min-width: 325px;\" > <section> <a target=\"_blank\" title=\"@realdailyamanda\" href=\"https:\/\/www.tiktok.com\/@realdailyamanda?refer=embed\">@realdailyamanda<\/a> Essa \u00e9 a m\u00fasica dela ! Porque Deus fez um MILAGRE ! E hoje ela est\u00e1 perfeita como se nada disso tivesse acontecido! <a title=\"dog\" target=\"_blank\" href=\"https:\/\/www.tiktok.com\/tag\/dog?refer=embed\">#dog<\/a> <a title=\"fyp\" target=\"_blank\" href=\"https:\/\/www.tiktok.com\/tag\/fyp?refer=embed\">#fyp<\/a> <a title=\"milagre\" target=\"_blank\" href=\"https:\/\/www.tiktok.com\/tag\/milagre?refer=embed\">#milagre<\/a> <a title=\"superacao\" target=\"_blank\" href=\"https:\/\/www.tiktok.com\/tag\/superacao?refer=embed\">#superacao<\/a> <a target=\"_blank\" title=\"\u266c Hist\u00f3ria de Milagre - Kiara Vit\u00f3ria\" href=\"https:\/\/www.tiktok.com\/music\/Hist\u00f3ria-de-Milagre-6868382242205337602?refer=embed\">\u266c Hist\u00f3ria de Milagre &#8211; Kiara Vit\u00f3ria<\/a> <\/section> <\/blockquote> <script async src=\"https:\/\/www.tiktok.com\/embed.js\"><\/script>\n\n\n\n<h2 class=\"wp-block-heading\">O que \u00e9 a parada card\u00edaca em c\u00e3es e por que \u00e9 t\u00e3o grave<\/h2>\n\n\n\n<p>A <strong>parada card\u00edaca em c\u00e3es<\/strong>, tamb\u00e9m conhecida como <strong>parada cardiorrespirat\u00f3ria<\/strong>, \u00e9 uma das emerg\u00eancias mais cr\u00edticas na <strong>medicina veterin\u00e1ria de emerg\u00eancia<\/strong>. Nessa situa\u00e7\u00e3o, o cora\u00e7\u00e3o deixa de bombear sangue e a respira\u00e7\u00e3o cessa ao mesmo tempo, interrompendo o envio de oxig\u00eanio para o c\u00e9rebro e outros \u00f3rg\u00e3os vitais.<\/p>\n\n\n\n<p>De acordo com fontes especializadas em <strong>sa\u00fade animal<\/strong>, a parada cardiorrespirat\u00f3ria pode atingir c\u00e3es de qualquer idade, ra\u00e7a ou porte. Alguns sinais que podem estar presentes incluem manifesta\u00e7\u00f5es cl\u00ednicas agudas que o tutor precisa reconhecer rapidamente:<\/p>\n\n\n\n<ul class=\"wp-block-list\">\n<li>Colapso s\u00fabito e <strong>perda de consci\u00eancia<\/strong>;<\/li>\n\n\n\n<li>Aus\u00eancia de pulso e de movimentos respirat\u00f3rios;<\/li>\n\n\n\n<li>Gengivas p\u00e1lidas ou azuladas;<\/li>\n\n\n\n<li>Pupilas dilatadas e sem resposta \u00e0 luz;<\/li>\n\n\n\n<li>Queda acentuada da temperatura corporal (<strong>hipotermia<\/strong>).<\/li>\n<\/ul>\n\n\n\n<p>Quando o atendimento \u00e9 r\u00e1pido, a <strong>ressuscita\u00e7\u00e3o cardiopulmonar (RCP)<\/strong> pode ser iniciada com compress\u00f5es tor\u00e1cicas, ventila\u00e7\u00e3o assistida e medicamentos. Mesmo com protocolos atuais de <strong>RCP em c\u00e3es<\/strong> e gatos, as taxas de sobreviv\u00eancia relatadas na literatura veterin\u00e1ria permanecem baixas, entre 5% e 10%, e muitos sobreviventes enfrentam sequelas neurol\u00f3gicas ou comprometimento de \u00f3rg\u00e3os internos.<\/p>\n\n\n\n<h2 class=\"wp-block-heading\">Como a hist\u00f3ria da pug Juju ilustra os desafios da recupera\u00e7\u00e3o<\/h2>\n\n\n\n<p>O caso de <strong>Juju<\/strong> ganhou repercuss\u00e3o por mostrar, passo a passo, a rotina de um animal que sobreviveu a uma <strong>parada cardiorrespirat\u00f3ria<\/strong> e enfrentou sequelas importantes. A fam\u00edlia relatou sess\u00f5es regulares de fisioterapia, est\u00edmulos sensoriais e acompanhamento constante com o m\u00e9dico-veterin\u00e1rio, al\u00e9m de ajustes na casa para tornar o ambiente mais seguro.<\/p>\n\n\n\n<p>Imagens compartilhadas nas redes sociais exibem a pug em diferentes fases: inicialmente deitada e dependente de apoio, depois se alimentando sozinha, em seguida realizando exerc\u00edcios de reabilita\u00e7\u00e3o e, por fim, caminhando e enxergando novamente. Mesmo quando h\u00e1 sequelas permanentes, muitos animais conseguem manter rotina adaptada com aux\u00edlio de terapias, acompanhamento veterin\u00e1rio, <strong>suporte emocional<\/strong> da fam\u00edlia e enriquecimento ambiental com cheiros, sons e texturas.<\/p>\n\n\n\n<h2 class=\"wp-block-heading\">O que tutores podem aprender com casos de parada card\u00edaca em c\u00e3es<\/h2>\n\n\n\n<p>Experi\u00eancias como a da pug Juju ajudam a esclarecer a gravidade da <strong>parada card\u00edaca em c\u00e3es<\/strong> e refor\u00e7am a necessidade de aten\u00e7\u00e3o a sinais de alerta. Especialistas destacam alguns cuidados que podem fazer diferen\u00e7a na preven\u00e7\u00e3o e na resposta r\u00e1pida a emerg\u00eancias.<\/p>\n\n\n\n<ul class=\"wp-block-list\">\n<li><strong>Aten\u00e7\u00e3o a sintomas precoces<\/strong>: cansa\u00e7o fora do normal, desmaios, tosse persistente e dificuldade respirat\u00f3ria devem ser avaliados por um <strong>veterin\u00e1rio<\/strong>;<\/li>\n\n\n\n<li><strong>Check-ups regulares<\/strong>: especialmente em animais idosos, <strong>braquicef\u00e1licos<\/strong>, como pugs, ou com hist\u00f3rico de problemas card\u00edacos;<\/li>\n\n\n\n<li><strong>Ambiente seguro<\/strong>: reduzir riscos de traumas, intoxica\u00e7\u00f5es e exposi\u00e7\u00e3o a calor extremo;<\/li>\n\n\n\n<li><strong>Plano de emerg\u00eancia<\/strong>: ter contato de <strong>cl\u00ednicas 24 horas<\/strong> e saber como agir em situa\u00e7\u00f5es cr\u00edticas at\u00e9 a chegada ao atendimento profissional.<\/li>\n<\/ul>\n\n\n\n<p>A hist\u00f3ria registrada nas redes mostra que a <strong>recupera\u00e7\u00e3o<\/strong> ap\u00f3s uma parada cardiorrespirat\u00f3ria pode ser longa e exigir dedica\u00e7\u00e3o constante. Ao mesmo tempo, ressalta a import\u00e2ncia da <strong>medicina veterin\u00e1ria de emerg\u00eancia<\/strong>, da <strong>reabilita\u00e7\u00e3o<\/strong> e do acompanhamento cont\u00ednuo para oferecer ao animal a melhor qualidade de vida poss\u00edvel ap\u00f3s um evento t\u00e3o grave.<\/p>\n","protected":false},"excerpt":{"rendered":"<p>Cadela da ra\u00e7a pug sofreu parada card\u00edaca, ficou cerca de cinco minutos sem sinais vitais e retornou \u00e0 vida com sequelas neurol\u00f3gicas. Caso mostra riscos da parada cardiorrespirat\u00f3ria em c\u00e3es e desafios da reabilita\u00e7\u00e3o. Ela tinha apenas quatro anos quando uma parada card\u00edaca interrompeu a rotina da fam\u00edlia. A cadela da ra\u00e7a pug, carism\u00e1tica e [&hellip;]<\/p>\n","protected":false},"author":20,"featured_media":105787,"comment_status":"open","ping_status":"open","sticky":false,"template":"","format":"standard","meta":{"jnews-multi-image_gallery":[],"jnews_single_post":{"format":"standard"},"jnews_primary_category":[],"jnews_social_meta":[],"jnews_override_counter":[],"footnotes":""},"categories":[475],"tags":[1273,20080,1479],"class_list":["post-105768","post","type-post","status-publish","format-standard","has-post-thumbnail","hentry","category-entretenimento","tag-caes","tag-parada-cardiaca","tag-veterinario"],"yoast_head":"<!-- This site is optimized with the Yoast SEO plugin v26.5 - https:\/\/yoast.com\/wordpress\/plugins\/seo\/ -->\n<title>Caso da pug Juju mostra como a parada card\u00edaca em c\u00e3es pode exigir reabilita\u00e7\u00e3o prolongada, com acompanhamento veterin\u00e1rio e adapta\u00e7\u00e3o da rotina - UAI Not\u00edcias<\/title>\n<meta name=\"description\" content=\"Hist\u00f3ria de cadela que sofreu parada card\u00edaca ajuda a compreender sinais, riscos e cuidados necess\u00e1rios durante a recupera\u00e7\u00e3o de c\u00e3es.\" \/>\n<meta name=\"robots\" content=\"index, follow, max-snippet:-1, max-image-preview:large, max-video-preview:-1\" \/>\n<link rel=\"canonical\" href=\"https:\/\/www.uai.com.br\/uainoticias\/2026\/02\/02\/caso-da-pug-juju-mostra-como-a-parada-cardiaca-em-caes-pode-exigir-reabilitacao-prolongada-com-acompanhamento-veterinario-e-adaptacao-da-rotina\/\" \/>\n<meta property=\"og:locale\" content=\"pt_BR\" \/>\n<meta property=\"og:type\" content=\"article\" \/>\n<meta property=\"og:title\" content=\"Caso da pug Juju mostra como a parada card\u00edaca em c\u00e3es pode exigir reabilita\u00e7\u00e3o prolongada, com acompanhamento veterin\u00e1rio e adapta\u00e7\u00e3o da rotina - UAI Not\u00edcias\" \/>\n<meta property=\"og:description\" content=\"Hist\u00f3ria de cadela que sofreu parada card\u00edaca ajuda a compreender sinais, riscos e cuidados necess\u00e1rios durante a recupera\u00e7\u00e3o de c\u00e3es.\" \/>\n<meta property=\"og:url\" content=\"https:\/\/www.uai.com.br\/uainoticias\/2026\/02\/02\/caso-da-pug-juju-mostra-como-a-parada-cardiaca-em-caes-pode-exigir-reabilitacao-prolongada-com-acompanhamento-veterinario-e-adaptacao-da-rotina\/\" \/>\n<meta property=\"og:site_name\" content=\"UAI Not\u00edcias\" \/>\n<meta property=\"article:published_time\" content=\"2026-02-02T18:45:00+00:00\" \/>\n<meta property=\"og:image\" content=\"https:\/\/www.uai.com.br\/uainoticias\/wp-content\/uploads\/2026\/01\/660x0_1769196402_6973cb7227914_hd-1.jpg\" \/>\n\t<meta property=\"og:image:width\" content=\"1280\" \/>\n\t<meta property=\"og:image:height\" content=\"720\" \/>\n\t<meta property=\"og:image:type\" content=\"image\/jpeg\" \/>\n<meta name=\"author\" content=\"PedroAquemin Aquemin\" \/>\n<meta name=\"twitter:card\" content=\"summary_large_image\" \/>\n<meta name=\"twitter:label1\" content=\"Escrito por\" \/>\n\t<meta name=\"twitter:data1\" content=\"PedroAquemin Aquemin\" \/>\n\t<meta name=\"twitter:label2\" content=\"Est. tempo de leitura\" \/>\n\t<meta name=\"twitter:data2\" content=\"5 minutos\" \/>\n<!-- \/ Yoast SEO plugin. -->","yoast_head_json":{"title":"Caso da pug Juju mostra como a parada card\u00edaca em c\u00e3es pode exigir reabilita\u00e7\u00e3o prolongada, com acompanhamento veterin\u00e1rio e adapta\u00e7\u00e3o da rotina - UAI Not\u00edcias","description":"Hist\u00f3ria de cadela que sofreu parada card\u00edaca ajuda a compreender sinais, riscos e cuidados necess\u00e1rios durante a recupera\u00e7\u00e3o de c\u00e3es.","robots":{"index":"index","follow":"follow","max-snippet":"max-snippet:-1","max-image-preview":"max-image-preview:large","max-video-preview":"max-video-preview:-1"},"canonical":"https:\/\/www.uai.com.br\/uainoticias\/2026\/02\/02\/caso-da-pug-juju-mostra-como-a-parada-cardiaca-em-caes-pode-exigir-reabilitacao-prolongada-com-acompanhamento-veterinario-e-adaptacao-da-rotina\/","og_locale":"pt_BR","og_type":"article","og_title":"Caso da pug Juju mostra como a parada card\u00edaca em c\u00e3es pode exigir reabilita\u00e7\u00e3o prolongada, com acompanhamento veterin\u00e1rio e adapta\u00e7\u00e3o da rotina - UAI Not\u00edcias","og_description":"Hist\u00f3ria de cadela que sofreu parada card\u00edaca ajuda a compreender sinais, riscos e cuidados necess\u00e1rios durante a recupera\u00e7\u00e3o de c\u00e3es.","og_url":"https:\/\/www.uai.com.br\/uainoticias\/2026\/02\/02\/caso-da-pug-juju-mostra-como-a-parada-cardiaca-em-caes-pode-exigir-reabilitacao-prolongada-com-acompanhamento-veterinario-e-adaptacao-da-rotina\/","og_site_name":"UAI Not\u00edcias","article_published_time":"2026-02-02T18:45:00+00:00","og_image":[{"width":1280,"height":720,"url":"https:\/\/www.uai.com.br\/uainoticias\/wp-content\/uploads\/2026\/01\/660x0_1769196402_6973cb7227914_hd-1.jpg","type":"image\/jpeg"}],"author":"PedroAquemin Aquemin","twitter_card":"summary_large_image","twitter_misc":{"Escrito por":"PedroAquemin Aquemin","Est. tempo de leitura":"5 minutos"},"schema":{"@context":"https:\/\/schema.org","@graph":[{"@type":"WebPage","@id":"https:\/\/www.uai.com.br\/uainoticias\/2026\/02\/02\/caso-da-pug-juju-mostra-como-a-parada-cardiaca-em-caes-pode-exigir-reabilitacao-prolongada-com-acompanhamento-veterinario-e-adaptacao-da-rotina\/","url":"https:\/\/www.uai.com.br\/uainoticias\/2026\/02\/02\/caso-da-pug-juju-mostra-como-a-parada-cardiaca-em-caes-pode-exigir-reabilitacao-prolongada-com-acompanhamento-veterinario-e-adaptacao-da-rotina\/","name":"Caso da pug Juju mostra como a parada card\u00edaca em c\u00e3es pode exigir reabilita\u00e7\u00e3o prolongada, com acompanhamento veterin\u00e1rio e adapta\u00e7\u00e3o da rotina - UAI Not\u00edcias","isPartOf":{"@id":"https:\/\/www.uai.com.br\/uainoticias\/#website"},"primaryImageOfPage":{"@id":"https:\/\/www.uai.com.br\/uainoticias\/2026\/02\/02\/caso-da-pug-juju-mostra-como-a-parada-cardiaca-em-caes-pode-exigir-reabilitacao-prolongada-com-acompanhamento-veterinario-e-adaptacao-da-rotina\/#primaryimage"},"image":{"@id":"https:\/\/www.uai.com.br\/uainoticias\/2026\/02\/02\/caso-da-pug-juju-mostra-como-a-parada-cardiaca-em-caes-pode-exigir-reabilitacao-prolongada-com-acompanhamento-veterinario-e-adaptacao-da-rotina\/#primaryimage"},"thumbnailUrl":"https:\/\/www.uai.com.br\/uainoticias\/wp-content\/uploads\/2026\/01\/660x0_1769196402_6973cb7227914_hd-1.jpg","datePublished":"2026-02-02T18:45:00+00:00","author":{"@id":"https:\/\/www.uai.com.br\/uainoticias\/#\/schema\/person\/35385199f50e2775f9711660d8c09d55"},"description":"Hist\u00f3ria de cadela que sofreu parada card\u00edaca ajuda a compreender sinais, riscos e cuidados necess\u00e1rios durante a recupera\u00e7\u00e3o de c\u00e3es.","breadcrumb":{"@id":"https:\/\/www.uai.com.br\/uainoticias\/2026\/02\/02\/caso-da-pug-juju-mostra-como-a-parada-cardiaca-em-caes-pode-exigir-reabilitacao-prolongada-com-acompanhamento-veterinario-e-adaptacao-da-rotina\/#breadcrumb"},"inLanguage":"pt-BR","potentialAction":[{"@type":"ReadAction","target":["https:\/\/www.uai.com.br\/uainoticias\/2026\/02\/02\/caso-da-pug-juju-mostra-como-a-parada-cardiaca-em-caes-pode-exigir-reabilitacao-prolongada-com-acompanhamento-veterinario-e-adaptacao-da-rotina\/"]}]},{"@type":"ImageObject","inLanguage":"pt-BR","@id":"https:\/\/www.uai.com.br\/uainoticias\/2026\/02\/02\/caso-da-pug-juju-mostra-como-a-parada-cardiaca-em-caes-pode-exigir-reabilitacao-prolongada-com-acompanhamento-veterinario-e-adaptacao-da-rotina\/#primaryimage","url":"https:\/\/www.uai.com.br\/uainoticias\/wp-content\/uploads\/2026\/01\/660x0_1769196402_6973cb7227914_hd-1.jpg","contentUrl":"https:\/\/www.uai.com.br\/uainoticias\/wp-content\/uploads\/2026\/01\/660x0_1769196402_6973cb7227914_hd-1.jpg","width":1280,"height":720,"caption":"Ap\u00f3s parada card\u00edaca e sequelas graves, pug se recupera e emociona a internet (Foto: TikTok\/@realdailyamanda)"},{"@type":"BreadcrumbList","@id":"https:\/\/www.uai.com.br\/uainoticias\/2026\/02\/02\/caso-da-pug-juju-mostra-como-a-parada-cardiaca-em-caes-pode-exigir-reabilitacao-prolongada-com-acompanhamento-veterinario-e-adaptacao-da-rotina\/#breadcrumb","itemListElement":[{"@type":"ListItem","position":1,"name":"In\u00edcio","item":"https:\/\/www.uai.com.br\/uainoticias\/"},{"@type":"ListItem","position":2,"name":"Caso da pug Juju mostra como a parada card\u00edaca em c\u00e3es pode exigir reabilita\u00e7\u00e3o prolongada, com acompanhamento veterin\u00e1rio e adapta\u00e7\u00e3o da rotina"}]},{"@type":"WebSite","@id":"https:\/\/www.uai.com.br\/uainoticias\/#website","url":"https:\/\/www.uai.com.br\/uainoticias\/","name":"UAI Not\u00edcias","description":"Acompanhe as \u00faltimas not\u00edcias e fique bem informado sobre tudo o que acontece no Brasil e no mundo.","potentialAction":[{"@type":"SearchAction","target":{"@type":"EntryPoint","urlTemplate":"https:\/\/www.uai.com.br\/uainoticias\/?s={search_term_string}"},"query-input":{"@type":"PropertyValueSpecification","valueRequired":true,"valueName":"search_term_string"}}],"inLanguage":"pt-BR"},{"@type":"Person","@id":"https:\/\/www.uai.com.br\/uainoticias\/#\/schema\/person\/35385199f50e2775f9711660d8c09d55","name":"PedroAquemin Aquemin","image":{"@type":"ImageObject","inLanguage":"pt-BR","@id":"https:\/\/www.uai.com.br\/uainoticias\/#\/schema\/person\/image\/","url":"https:\/\/secure.gravatar.com\/avatar\/e1a9efe2774aa208b48cf3a89e28c905e44a0023959296d95714dfc460b02703?s=96&d=mm&r=g","contentUrl":"https:\/\/secure.gravatar.com\/avatar\/e1a9efe2774aa208b48cf3a89e28c905e44a0023959296d95714dfc460b02703?s=96&d=mm&r=g","caption":"PedroAquemin Aquemin"},"sameAs":["https:\/\/www.uai.com.br\/uainoticias"],"url":"https:\/\/www.uai.com.br\/uainoticias\/author\/pedroaquemin\/"}]}},"_links":{"self":[{"href":"https:\/\/www.uai.com.br\/uainoticias\/wp-json\/wp\/v2\/posts\/105768","targetHints":{"allow":["GET"]}}],"collection":[{"href":"https:\/\/www.uai.com.br\/uainoticias\/wp-json\/wp\/v2\/posts"}],"about":[{"href":"https:\/\/www.uai.com.br\/uainoticias\/wp-json\/wp\/v2\/types\/post"}],"author":[{"embeddable":true,"href":"https:\/\/www.uai.com.br\/uainoticias\/wp-json\/wp\/v2\/users\/20"}],"replies":[{"embeddable":true,"href":"https:\/\/www.uai.com.br\/uainoticias\/wp-json\/wp\/v2\/comments?post=105768"}],"version-history":[{"count":1,"href":"https:\/\/www.uai.com.br\/uainoticias\/wp-json\/wp\/v2\/posts\/105768\/revisions"}],"predecessor-version":[{"id":105795,"href":"https:\/\/www.uai.com.br\/uainoticias\/wp-json\/wp\/v2\/posts\/105768\/revisions\/105795"}],"wp:featuredmedia":[{"embeddable":true,"href":"https:\/\/www.uai.com.br\/uainoticias\/wp-json\/wp\/v2\/media\/105787"}],"wp:attachment":[{"href":"https:\/\/www.uai.com.br\/uainoticias\/wp-json\/wp\/v2\/media?parent=105768"}],"wp:term":[{"taxonomy":"category","embeddable":true,"href":"https:\/\/www.uai.com.br\/uainoticias\/wp-json\/wp\/v2\/categories?post=105768"},{"taxonomy":"post_tag","embeddable":true,"href":"https:\/\/www.uai.com.br\/uainoticias\/wp-json\/wp\/v2\/tags?post=105768"}],"curies":[{"name":"wp","href":"https:\/\/api.w.org\/{rel}","templated":true}]}}